{"id":10735,"date":"2025-09-11T20:01:37","date_gmt":"2025-09-11T19:01:37","guid":{"rendered":"https:\/\/informacionlocal.es\/antigua-y-fundacion-la-caja-de-canarias-facilitan-ayudas-para-material-escolar\/"},"modified":"2025-09-11T20:01:37","modified_gmt":"2025-09-11T19:01:37","slug":"antigua-y-fundacion-la-caja-de-canarias-facilitan-ayudas-para-material-escolar","status":"publish","type":"post","link":"https:\/\/informacionlocal.es\/it\/antigua-y-fundacion-la-caja-de-canarias-facilitan-ayudas-para-material-escolar\/","title":{"rendered":"Antigua y Fundaci\u00f3n La Caja de Canarias facilitan Ayudas para material escolar"},"content":{"rendered":"<div class=\"elementor-widget-container\">\n<p><strong>Antigua y Fundaci\u00f3n La Caja de Canarias facilitan Ayudas para material escolar<\/strong><\/p>\n<p><strong>\u2022 Plazo de presentaci\u00f3n de solicitudes desde el 15 al 26 de septiembre.<\/strong><br \/><strong>\u2022 La concejal\u00eda de Servicios Sociales pone el departamento a disposici\u00f3n de las personas interesadas para asesorar y confirmar previamente la documentaci\u00f3n a presentar o ampliar informaci\u00f3n en el tel\u00e9fono 928549651, en horario de lunes a viernes y de 08:30 a 13:00 horas.<\/strong><br \/><strong>\u2022 Ayudas destinadas a familias en situaci\u00f3n econ\u00f3micamente vulnerable con escolares a su cargo con edades comprendidas entre los 3 y 16 a\u00f1os.<\/strong><\/p>\n<p>El Ayuntamiento de Antigua adherido al Programa de Ayudas Sociales Escolares 2025 de la Fundaci\u00f3n La Caja de Canarias, dispone una asignaci\u00f3n econ\u00f3mica suplementaria, se\u00f1ala el alcalde Mat\u00edas Pe\u00f1a, destinada a facilitar la adquisici\u00f3n de material escolar b\u00e1sico.<\/p>\n<p>La Ayuda Social Escolar, se\u00f1ala la concejala de Servicios Sociales y Educaci\u00f3n, Am\u00e9rica Soto Betancor, sufraga gastos destinados a libros, uniformes o material inform\u00e1tico para estudiantes empadronados en el Municipio y matriculados en ciclos de Educaci\u00f3n Infantil, Primaria, Secundaria y Formaci\u00f3n Profesional B\u00e1sica.<\/p>\n<p>La Ayuda para Material Escolar gestionada desde Servicios Sociales se destina a familias que precisen con mayor urgencia este apoyo, explica la concejala de \u00e1rea, por no contar con recursos econ\u00f3micos suficientes y est\u00e9n al cargo de estudiantes entre 3 y 16 a\u00f1os entre sus componentes.<\/p>\n<p>La baremaci\u00f3n se realizar\u00e1 seg\u00fan los criterios de atenci\u00f3n social de las administraciones p\u00fablicas (IPREM) que tienen en consideraci\u00f3n los ingresos de la familia, el n\u00famero de miembros y otros aspectos que inciden en la situaci\u00f3n socioecon\u00f3mica y a\u00f1ade la concejala Soto Betancor, por lo que se precisa solicitar cita previa en el departamento de Servicios Sociales del Ayuntamiento de Antigua.<\/p>\n<p>Las Ayudas para la adquisici\u00f3n de Material Escolar podr\u00e1n solicitarse desde el pr\u00f3ximo lunes 15 hasta el 26 de septiembre, siendo la duraci\u00f3n del programa hasta la finalizaci\u00f3n del cr\u00e9dito disponible.<\/p>\n<p>Las personas interesadas pueden ampliar informaci\u00f3n de este programa y solicitar cita para inscripci\u00f3n, llamando al tel\u00e9fono 928 549651, en horario de 08:30 a 13:00 horas de lunes a viernes.<\/p>\n<\/div>\n","protected":false},"excerpt":{"rendered":"<p><strong>Antigua y Fundaci\u00f3n La Caja de Canarias facilitan Ayudas para material escolar<\/strong><\/p>\n","protected":false},"author":1,"featured_media":10737,"comment_status":"open","ping_status":"open","sticky":false,"template":"","format":"standard","meta":{"inline_featured_image":false,"jnews-multi-image_gallery":[],"jnews_single_post":[],"jnews_primary_category":[],"jnews_social_meta":[],"jnews_override_counter":[],"jnews_post_split":[],"footnotes":""},"categories":[59],"tags":[79,73],"class_list":["post-10735","post","type-post","status-publish","format-standard","has-post-thumbnail","hentry","category-antigua","tag-ayudas-sociales","tag-educacion"],"jetpack_featured_media_url":"https:\/\/informacionlocal.es\/wp-content\/uploads\/2025\/09\/escolares-en-antigua-1-scaled-1.jpg","_links":{"self":[{"href":"https:\/\/informacionlocal.es\/it\/wp-json\/wp\/v2\/posts\/10735","targetHints":{"allow":["GET"]}}],"collection":[{"href":"https:\/\/informacionlocal.es\/it\/wp-json\/wp\/v2\/posts"}],"about":[{"href":"https:\/\/informacionlocal.es\/it\/wp-json\/wp\/v2\/types\/post"}],"author":[{"embeddable":true,"href":"https:\/\/informacionlocal.es\/it\/wp-json\/wp\/v2\/users\/1"}],"replies":[{"embeddable":true,"href":"https:\/\/informacionlocal.es\/it\/wp-json\/wp\/v2\/comments?post=10735"}],"version-history":[{"count":0,"href":"https:\/\/informacionlocal.es\/it\/wp-json\/wp\/v2\/posts\/10735\/revisions"}],"wp:featuredmedia":[{"embeddable":true,"href":"https:\/\/informacionlocal.es\/it\/wp-json\/wp\/v2\/media\/10737"}],"wp:attachment":[{"href":"https:\/\/informacionlocal.es\/it\/wp-json\/wp\/v2\/media?parent=10735"}],"wp:term":[{"taxonomy":"category","embeddable":true,"href":"https:\/\/informacionlocal.es\/it\/wp-json\/wp\/v2\/categories?post=10735"},{"taxonomy":"post_tag","embeddable":true,"href":"https:\/\/informacionlocal.es\/it\/wp-json\/wp\/v2\/tags?post=10735"}],"curies":[{"name":"wp","href":"https:\/\/api.w.org\/{rel}","templated":true}]}}