{"id":1070,"date":"2025-04-10T17:09:29","date_gmt":"2025-04-10T17:09:29","guid":{"rendered":"https:\/\/informacionlocal.es\/il-cabildo-e-il-banco-alimentare-di-las-palmas-collaborano-per-coprire-le-esigenze-della-popolazione-in-situazioni-di-vulnerabilita\/"},"modified":"2025-04-14T10:17:30","modified_gmt":"2025-04-14T10:17:30","slug":"il-cabildo-e-il-banco-alimentare-di-las-palmas-collaborano-per-coprire-le-esigenze-della-popolazione-in-situazioni-di-vulnerabilita","status":"publish","type":"post","link":"https:\/\/informacionlocal.es\/it\/il-cabildo-e-il-banco-alimentare-di-las-palmas-collaborano-per-coprire-le-esigenze-della-popolazione-in-situazioni-di-vulnerabilita\/","title":{"rendered":"Il Cabildo e il Banco alimentare di Las Palmas collaborano per coprire le esigenze della popolazione in situazioni di vulnerabilit\u00e0."},"content":{"rendered":"<div class=\"entry-content\"><strong>10 aprile 2025<\/strong><\/p>\n<p><strong><em>Nell&#8217;ambito dell&#8217;accordo di cooperazione tra le due entit\u00e0, la Corporazione insulare ha ceduto uno spazio di stoccaggio presso la Fattoria sperimentale di Pozo Negro.<\/em><\/strong><\/p>\n<p><strong><em>Adisfuer doner\u00e0 il cibo del suo orto accessibile, che gestisce con il sostegno finanziario del Dipartimento di Azione Sociale.<\/em><\/strong><\/p>\n<p>Il Cabildo di Fuerteventura ha concesso all&#8217;Associazione Banco Alimentare di Las Palmas uno spazio per lo stoccaggio nella Fattoria Sperimentale di Pozo Negro, come parte dell&#8217;accordo tra il Cabildo e l&#8217;associazione per fornire al Banco Alimentare le risorse di cui ha bisogno sull&#8217;isola.<\/p>\n<p>La Corporazione insulare e l&#8217;associazione hanno tenuto una riunione di coordinamento presso la Fattoria sperimentale Pozo Negro, con la presenza della presidente del Cabildo, Lola Garc\u00eda, dell&#8217;assessore all&#8217;Azione sociale, V\u00edctor Alonso, nonch\u00e9 di Pedro Miguel Llorca e \u00c1guedo P\u00e9rez per conto del Banco alimentare di Las Palmas. All&#8217;evento ha partecipato anche l&#8217;Assessore all&#8217;Agricoltura, all&#8217;Allevamento e alla Pesca, Mat\u00edas Pe\u00f1a, responsabile della gestione della Fattoria Sperimentale Pozo Negro. <\/p>\n<p>Secondo Lola Garc\u00eda e V\u00edctor Alonso, l&#8217;attenzione alle persone \u00e8 una delle priorit\u00e0 del gruppo di governo dell&#8217;isola ed \u00e8 importante fornire all&#8217;Associazione Banco Alimentare di Las Palmas le risorse necessarie per le azioni che svolge a Fuerteventura. Questo lavoro \u00e8 volto a coprire i bisogni alimentari della popolazione vulnerabile. <\/p>\n<p>Da parte loro, Pedro Llorca e \u00c1guedo P\u00e9rez, quest&#8217;ultimo delegato per Fuerteventura dell&#8217;associazione, hanno spiegato che, attraverso la consegna di cibo e articoli da toilette, il Banco Alimentare di Las Palmas risponde alle esigenze parziali di oltre 400 famiglie di Fuerteventura, il che significa pi\u00f9 di 1.000 beneficiari. Hanno ringraziato il Cabildo di Fuerteventura per la sua collaborazione, che contribuisce a fornire a questa popolazione vulnerabile una dieta completa ed equilibrata a cui non possono accedere a causa della loro situazione precaria. <\/p>\n<p>Alla presenza di Monica Montesdeoca, in rappresentanza di Adisfuer, \u00e8 stato inoltre deciso di donare il cibo dell&#8217;orto accessibile gestito da Adisfuer con il sostegno finanziario del Dipartimento di Azione Sociale del Consiglio dell&#8217;Isola di Fuerteventura. Un progetto in cui lavorano persone con disabilit\u00e0 e la cui produzione di ortaggi viene donata a mense per i poveri e organizzazioni no-profit, con una produzione annua stimata di circa 5.000 chili. <\/p>\n<\/div>\n","protected":false},"excerpt":{"rendered":"<p><em>Nell&#8217;ambito dell&#8217;accordo di cooperazione tra le due entit\u00e0, la Corporazione insulare ha ceduto uno spazio di stoccaggio presso la Fattoria sperimentale di Pozo Negro.<\/em><\/p>\n","protected":false},"author":1,"featured_media":634,"comment_status":"open","ping_status":"open","sticky":false,"template":"","format":"standard","meta":{"inline_featured_image":false,"jnews-multi-image_gallery":[],"jnews_single_post":[],"jnews_primary_category":[],"jnews_social_meta":[],"jnews_override_counter":[],"jnews_post_split":[],"footnotes":""},"categories":[289],"tags":[205,236,223,220,203],"class_list":["post-1070","post","type-post","status-publish","format-standard","has-post-thumbnail","hentry","category-cabildo-it","tag-ambiente","tag-assistenza-sociale","tag-fuerteventura-it","tag-integrazione","tag-servizi-pubblici"],"jetpack_featured_media_url":"https:\/\/informacionlocal.es\/wp-content\/uploads\/2025\/04\/banco-de-alimentos.jpeg","_links":{"self":[{"href":"https:\/\/informacionlocal.es\/it\/wp-json\/wp\/v2\/posts\/1070","targetHints":{"allow":["GET"]}}],"collection":[{"href":"https:\/\/informacionlocal.es\/it\/wp-json\/wp\/v2\/posts"}],"about":[{"href":"https:\/\/informacionlocal.es\/it\/wp-json\/wp\/v2\/types\/post"}],"author":[{"embeddable":true,"href":"https:\/\/informacionlocal.es\/it\/wp-json\/wp\/v2\/users\/1"}],"replies":[{"embeddable":true,"href":"https:\/\/informacionlocal.es\/it\/wp-json\/wp\/v2\/comments?post=1070"}],"version-history":[{"count":1,"href":"https:\/\/informacionlocal.es\/it\/wp-json\/wp\/v2\/posts\/1070\/revisions"}],"predecessor-version":[{"id":1794,"href":"https:\/\/informacionlocal.es\/it\/wp-json\/wp\/v2\/posts\/1070\/revisions\/1794"}],"wp:featuredmedia":[{"embeddable":true,"href":"https:\/\/informacionlocal.es\/it\/wp-json\/wp\/v2\/media\/634"}],"wp:attachment":[{"href":"https:\/\/informacionlocal.es\/it\/wp-json\/wp\/v2\/media?parent=1070"}],"wp:term":[{"taxonomy":"category","embeddable":true,"href":"https:\/\/informacionlocal.es\/it\/wp-json\/wp\/v2\/categories?post=1070"},{"taxonomy":"post_tag","embeddable":true,"href":"https:\/\/informacionlocal.es\/it\/wp-json\/wp\/v2\/tags?post=1070"}],"curies":[{"name":"wp","href":"https:\/\/api.w.org\/{rel}","templated":true}]}}