{"id":10679,"date":"2025-09-10T15:59:53","date_gmt":"2025-09-10T14:59:53","guid":{"rendered":"https:\/\/informacionlocal.es\/la-capital-majorera-se-consolida-como-el-municipio-mas-seguro-de-fuerteventura\/"},"modified":"2025-09-10T15:59:53","modified_gmt":"2025-09-10T14:59:53","slug":"la-capital-majorera-se-consolida-como-el-municipio-mas-seguro-de-fuerteventura","status":"publish","type":"post","link":"https:\/\/informacionlocal.es\/it\/la-capital-majorera-se-consolida-como-el-municipio-mas-seguro-de-fuerteventura\/","title":{"rendered":"La capital majorera se consolida como el municipio m\u00e1s seguro de Fuerteventura"},"content":{"rendered":"<div class=\"entry-content\">\n<ul>\n<li><span><strong>El descenso se atribuye al refuerzo de medios y a la estrecha coordinaci\u00f3n entre la Polic\u00eda Nacional, la Polic\u00eda Local y el Ayuntamiento<\/strong><\/span><\/li>\n<\/ul>\n<p><span><strong>\u00a0<\/strong><\/span><span><strong>En Puerto del Rosario, a 10 de septiembre de 2025.-<\/strong> Los \u00faltimos datos publicados por el Ministerio del Interior confirman que Puerto del Rosario contin\u00faa reduciendo sus \u00edndices de criminalidad, situ\u00e1ndose como la excepci\u00f3n en Fuerteventura, donde el resto de municipios han experimentado incrementos notables. En el caso de la capital, las infracciones penales descendieron un 5,7% en el primer semestre de 2025 respecto al mismo periodo del a\u00f1o anterior.<\/span><\/p>\n<p><span>La mejora se refleja de manera especial en delitos como las lesiones y ri\u00f1as tumultuarias (-28,6%), los robos con fuerza en domicilios (-7,7%), o los hurtos\u00a0\u00a0 \u00a0(-1,7%), en contraste con el incremento generalizado de la delincuencia en otros municipios de la isla, que en algunos casos supera el 30%.<\/span><\/p>\n<p><span>El alcalde de Puerto del Rosario, David de Vera, manifest\u00f3 que \u201cestos datos son fruto del trabajo constante y coordinado que venimos realizando junto a la Polic\u00eda Nacional y la Polic\u00eda Local. Hemos incrementado medios materiales, con nuevos veh\u00edculos y motocicletas, y reforzado la presencia de efectivos en la calle, lo que nos permite ofrecer mayor seguridad a la ciudadan\u00eda\u201d.<\/span><\/p>\n<p><span>Adem\u00e1s, De Vera destac\u00f3 la importancia de que la capital, donde se concentra la mayor densidad de poblaci\u00f3n de Fuerteventura, muestre una tendencia positiva frente al contexto insular: \u201cMientras en la isla la criminalidad crece casi un 20%, en Puerto del Rosario seguimos bajando. Esto nos anima a continuar apostando por la colaboraci\u00f3n institucional, porque la seguridad es una de las bases del bienestar en nuestro municipio\u201d.<\/span><\/p>\n<p><span>Con esta l\u00ednea de trabajo, el Ayuntamiento seguir\u00e1 centrando sus esfuerzos en que Puerto del Rosario sea cada d\u00eda un lugar m\u00e1s seguro y habitable.<\/span><\/p>\n<\/div>\n","protected":false},"excerpt":{"rendered":"<p>El descenso se atribuye al refuerzo de medios y a la estrecha coordinaci\u00f3n entre la Polic\u00eda Nacional, la Polic\u00eda Local y el Ayuntamiento \u00a0En Puerto del Rosario, a 10 de [&hellip;]<\/p>\n","protected":false},"author":1,"featured_media":10681,"comment_status":"open","ping_status":"open","sticky":false,"template":"","format":"standard","meta":{"inline_featured_image":false,"jnews-multi-image_gallery":[],"jnews_single_post":[],"jnews_primary_category":[],"jnews_social_meta":[],"jnews_override_counter":[],"jnews_post_split":[],"footnotes":""},"categories":[61],"tags":[82,65],"class_list":["post-10679","post","type-post","status-publish","format-standard","has-post-thumbnail","hentry","category-puerto-del-rosario","tag-fuerteventura","tag-municipios"],"jetpack_featured_media_url":"https:\/\/informacionlocal.es\/wp-content\/uploads\/2025\/09\/capital-segura.png","_links":{"self":[{"href":"https:\/\/informacionlocal.es\/it\/wp-json\/wp\/v2\/posts\/10679","targetHints":{"allow":["GET"]}}],"collection":[{"href":"https:\/\/informacionlocal.es\/it\/wp-json\/wp\/v2\/posts"}],"about":[{"href":"https:\/\/informacionlocal.es\/it\/wp-json\/wp\/v2\/types\/post"}],"author":[{"embeddable":true,"href":"https:\/\/informacionlocal.es\/it\/wp-json\/wp\/v2\/users\/1"}],"replies":[{"embeddable":true,"href":"https:\/\/informacionlocal.es\/it\/wp-json\/wp\/v2\/comments?post=10679"}],"version-history":[{"count":0,"href":"https:\/\/informacionlocal.es\/it\/wp-json\/wp\/v2\/posts\/10679\/revisions"}],"wp:featuredmedia":[{"embeddable":true,"href":"https:\/\/informacionlocal.es\/it\/wp-json\/wp\/v2\/media\/10681"}],"wp:attachment":[{"href":"https:\/\/informacionlocal.es\/it\/wp-json\/wp\/v2\/media?parent=10679"}],"wp:term":[{"taxonomy":"category","embeddable":true,"href":"https:\/\/informacionlocal.es\/it\/wp-json\/wp\/v2\/categories?post=10679"},{"taxonomy":"post_tag","embeddable":true,"href":"https:\/\/informacionlocal.es\/it\/wp-json\/wp\/v2\/tags?post=10679"}],"curies":[{"name":"wp","href":"https:\/\/api.w.org\/{rel}","templated":true}]}}