{"id":10627,"date":"2025-09-09T21:02:08","date_gmt":"2025-09-09T20:02:08","guid":{"rendered":"https:\/\/informacionlocal.es\/el-ayuntamiento-mejora-la-imagen-de-ajuy-con-una-intervencion-en-las-zonas-ajardinadas\/"},"modified":"2025-09-09T21:02:08","modified_gmt":"2025-09-09T20:02:08","slug":"el-ayuntamiento-mejora-la-imagen-de-ajuy-con-una-intervencion-en-las-zonas-ajardinadas","status":"publish","type":"post","link":"https:\/\/informacionlocal.es\/it\/el-ayuntamiento-mejora-la-imagen-de-ajuy-con-una-intervencion-en-las-zonas-ajardinadas\/","title":{"rendered":"El Ayuntamiento mejora la imagen de Ajuy con una intervenci\u00f3n en las zonas ajardinadas"},"content":{"rendered":"<div class=\"entry-content\">\n<p><b>\u00a0<\/b><b><i>Las actuaciones comprenden el arreglo y fumigaci\u00f3n de palmeras, el cambio de pic\u00f3n, la construcci\u00f3n de una acera en los alrededores del parque infantil<\/i><\/b><\/p>\n<p><span>El Ayuntamiento de P\u00e1jara, a trav\u00e9s de la Concejal\u00eda de Jardines, ha llevado a cabo labores de acondicionamiento, arreglo y fumigaci\u00f3n de palmeras, as\u00ed como el cambio de pic\u00f3n en las zonas ajardinadas de Ajuy. Adem\u00e1s, se ha construido una peque\u00f1a acera para transe\u00fantes en los alrededores del parque infantil de la localidad.\u00a0<\/span><\/p>\n<p><span>El primer teniente de alcalde y responsable del \u00c1rea, Alexis Alonso, incide en la necesidad de acondicionar y de ofrecer a la ciudadan\u00eda espacios p\u00fablicos de calidad. \u201cSe trata de una zona muy visitada por turistas y por residentes, por lo que, actuaciones de este tipo, se hacen muy necesarias\u201d, subraya.\u00a0<\/span><\/p>\n<p><span>Por su parte, el alcalde Alejandro Jorge destaca que esta actuaci\u00f3n ha venido precedida de otras que se han hecho en esta localidad y en otras zonas, con la finalidad de continuar con la mejora y embellecimiento progresivo del municipio.\u00a0<\/span><\/p>\n<p><span>Este tipo de intervenciones se suman al cat\u00e1logo de trabajos que se realizan dentro de esta \u00e1rea para el mantenimiento de las zonas verdes, favoreciendo la conservaci\u00f3n y mejora de las \u00e1reas comunes.<\/span><\/p>\n<p><img fetchpriority=\"high\" decoding=\"async\" class=\"alignnone size-medium wp-image-20974\" src=\"https:\/\/informacionlocal.es\/wp-content\/uploads\/2025\/09\/jardines-ajuy-1-225x300-1.jpg\" width=\"225\" height=\"300\" title=\"jardines-ajuy-1-225x300-1\"><img decoding=\"async\" class=\"alignnone size-medium wp-image-20975\" src=\"https:\/\/informacionlocal.es\/wp-content\/uploads\/2025\/09\/jardines-ajuy-2-225x300-1.jpg\" width=\"225\" height=\"300\" title=\"jardines-ajuy-2-225x300-1\"><\/p>\n<p>\u00a0<\/p>\n<\/div>\n","protected":false},"excerpt":{"rendered":"<p><i>Las actuaciones comprenden el arreglo y fumigaci\u00f3n de palmeras, el cambio de pic\u00f3n, la construcci\u00f3n de una acera en los alrededores del parque infantil<\/i><\/p>\n","protected":false},"author":1,"featured_media":10629,"comment_status":"open","ping_status":"open","sticky":false,"template":"","format":"standard","meta":{"inline_featured_image":false,"jnews-multi-image_gallery":[],"jnews_single_post":[],"jnews_primary_category":[],"jnews_social_meta":[],"jnews_override_counter":[],"jnews_post_split":[],"footnotes":""},"categories":[63],"tags":[],"class_list":["post-10627","post","type-post","status-publish","format-standard","has-post-thumbnail","hentry","category-pajara"],"jetpack_featured_media_url":"https:\/\/informacionlocal.es\/wp-content\/uploads\/2025\/09\/jardines-ajuy.jpg","_links":{"self":[{"href":"https:\/\/informacionlocal.es\/it\/wp-json\/wp\/v2\/posts\/10627","targetHints":{"allow":["GET"]}}],"collection":[{"href":"https:\/\/informacionlocal.es\/it\/wp-json\/wp\/v2\/posts"}],"about":[{"href":"https:\/\/informacionlocal.es\/it\/wp-json\/wp\/v2\/types\/post"}],"author":[{"embeddable":true,"href":"https:\/\/informacionlocal.es\/it\/wp-json\/wp\/v2\/users\/1"}],"replies":[{"embeddable":true,"href":"https:\/\/informacionlocal.es\/it\/wp-json\/wp\/v2\/comments?post=10627"}],"version-history":[{"count":0,"href":"https:\/\/informacionlocal.es\/it\/wp-json\/wp\/v2\/posts\/10627\/revisions"}],"wp:featuredmedia":[{"embeddable":true,"href":"https:\/\/informacionlocal.es\/it\/wp-json\/wp\/v2\/media\/10629"}],"wp:attachment":[{"href":"https:\/\/informacionlocal.es\/it\/wp-json\/wp\/v2\/media?parent=10627"}],"wp:term":[{"taxonomy":"category","embeddable":true,"href":"https:\/\/informacionlocal.es\/it\/wp-json\/wp\/v2\/categories?post=10627"},{"taxonomy":"post_tag","embeddable":true,"href":"https:\/\/informacionlocal.es\/it\/wp-json\/wp\/v2\/tags?post=10627"}],"curies":[{"name":"wp","href":"https:\/\/api.w.org\/{rel}","templated":true}]}}