{"id":10543,"date":"2025-09-09T00:58:39","date_gmt":"2025-09-08T23:58:39","guid":{"rendered":"https:\/\/informacionlocal.es\/el-cabildo-entrega-al-ayuntamiento-de-la-oliva-las-obras-finalizadas-del-mercado-de-las-tradiciones\/"},"modified":"2025-09-09T00:58:39","modified_gmt":"2025-09-08T23:58:39","slug":"el-cabildo-entrega-al-ayuntamiento-de-la-oliva-las-obras-finalizadas-del-mercado-de-las-tradiciones","status":"publish","type":"post","link":"https:\/\/informacionlocal.es\/it\/el-cabildo-entrega-al-ayuntamiento-de-la-oliva-las-obras-finalizadas-del-mercado-de-las-tradiciones\/","title":{"rendered":"El Cabildo entrega al Ayuntamiento de La Oliva las obras finalizadas del Mercado de las Tradiciones"},"content":{"rendered":"<div class=\"entry-content\"><strong>8 septiembre, 2025<\/strong><\/p>\n<p><em><strong>Culminado el proyecto de rehabilitaci\u00f3n, la Corporaci\u00f3n insular hace entrega del espacio para su pr\u00f3xima apertura y gesti\u00f3n por parte del Ayuntamiento<\/strong><\/em><\/p>\n<p>El Cabildo de Fuerteventura ha finalizado los trabajos de rehabilitaci\u00f3n del mercado de la Casa del Coronel en la Oliva, dentro del Plan de Sostenibilidad Tur\u00edstica en Destino \u2018Fuerte por Naturaleza\u2019. Una vez culminadas las obras, se ha hecho entrega al Ayuntamiento de La Oliva para su pr\u00f3xima apertura y gesti\u00f3n, como espacio de dinamizaci\u00f3n para vecinos y visitantes.<\/p>\n<p>La presidenta del Cabildo de Fuerteventura, Lola Garc\u00eda, y la consejera Marlene Figueroa, comprobaron de primera mano el resultado de los trabajos durante el acto de recepci\u00f3n de la obra, acompa\u00f1adas por el alcalde de La Oliva, Isa\u00ed Blanco, la concejala de Comercio, Alexandra Mart\u00edn, y el concejal de Cultura, David Hern\u00e1ndez.<\/p>\n<p>La presidenta del Cabildo, Lola Garc\u00eda, resalta los buenos trabajos de un proyecto que no s\u00f3lo mejora la funcionalidad y competitividad de este espacio, modernizando un enclave importante dentro del municipio.<\/p>\n<p>Por su parte, la consejera de Turismo, Marlene Figueroa, explica que \u201ccon esta rehabilitaci\u00f3n se garantiza una mayor accesibilidad, sostenibilidad y funcionalidad del inmueble\u201d. \u201cTras la finalizaci\u00f3n y recepci\u00f3n de las obras, se entrega para su gesti\u00f3n al Ayuntamiento de La Oliva, que deber\u00e1 dinamizar el espacio para vecinos y visitantes\u201d.<\/p>\n<p>El alcalde de la Oliva, Isa\u00ed Blanco, as\u00ed como los concejales Alexandra Mart\u00edn y David Hern\u00e1ndez, han agradecido la coordinaci\u00f3n entre administraciones dentro de un plan impulsado por el Cabildo que permite ejecutar proyectos que aumentan el atractivo tur\u00edstico de todos los municipios.<\/p>\n<p>Esta intervenci\u00f3n se enmarca en el Plan de Sostenibilidad Tur\u00edstica en Destino (PSTD) \u2018Fuerte por Naturaleza\u2019 de la Consejer\u00eda de Turismo que dirigide Marlene Figueroa. La inversi\u00f3n destinada a este proyecto asciende a 257.582 euros.<\/p>\n<p>Las obras han abarcado una superficie de 243,77 metros cuadrados con una intervenci\u00f3n de car\u00e1cter estructural y arquitect\u00f3nico que consolida los elementos existentes y preserva el valor patrimonial del edificio. De la misma manera, se ha construido una nueva cubierta en las dependencias anexas, destinada a mejorar la protecci\u00f3n y durabilidad del inmueble.<\/p>\n<p>La redistribuci\u00f3n del interior de los espacios ha permitido crear un centro de interpretaci\u00f3n, nuevas \u00e1reas comerciales, aseos accesibles y un peque\u00f1o almac\u00e9n. En el exterior, se han instalado p\u00e9rgolas que facilitar\u00e1 la celebraci\u00f3n de mercados al aire libre.<\/p>\n<p>El PSTD \u2018Fuerte por Naturaleza\u2019 cuenta con un presupuesto global de 9,1 millones de euros, financiados por el programa europeo Next Generation EU en el marco del Plan de Recuperaci\u00f3n, Transformaci\u00f3n y Resiliencia (PRTR) de Espa\u00f1a.<\/p>\n<p>Dentro de este plan ya se han ejecutado otras actuaciones destacadas, como la restauraci\u00f3n de la Torre del Tost\u00f3n en El Cotillo, el acondicionamiento del Paseo Mar\u00edtimo de Puerto del Rosario, la instalaci\u00f3n de marquesinas fotovoltaicas en los seis municipios, adem\u00e1s de proyectos de zonas de sombra y mejora de la recogida de residuos en las playas.<\/p>\n<\/div>\n","protected":false},"excerpt":{"rendered":"<p>8 septiembre, 2025 Culminado el proyecto de rehabilitaci\u00f3n, la Corporaci\u00f3n insular hace entrega del espacio para su pr\u00f3xima apertura y gesti\u00f3n por parte del Ayuntamiento El Cabildo de Fuerteventura ha [&hellip;]<\/p>\n","protected":false},"author":1,"featured_media":10545,"comment_status":"open","ping_status":"open","sticky":false,"template":"","format":"standard","meta":{"inline_featured_image":false,"jnews-multi-image_gallery":[],"jnews_single_post":[],"jnews_primary_category":[],"jnews_social_meta":[],"jnews_override_counter":[],"jnews_post_split":[],"footnotes":""},"categories":[58],"tags":[82,65],"class_list":["post-10543","post","type-post","status-publish","format-standard","has-post-thumbnail","hentry","category-cabildo","tag-fuerteventura","tag-municipios"],"jetpack_featured_media_url":"https:\/\/informacionlocal.es\/wp-content\/uploads\/2025\/09\/1757316434-092141a00360685bfc8369f3dbc0ba4b.jpg","_links":{"self":[{"href":"https:\/\/informacionlocal.es\/it\/wp-json\/wp\/v2\/posts\/10543","targetHints":{"allow":["GET"]}}],"collection":[{"href":"https:\/\/informacionlocal.es\/it\/wp-json\/wp\/v2\/posts"}],"about":[{"href":"https:\/\/informacionlocal.es\/it\/wp-json\/wp\/v2\/types\/post"}],"author":[{"embeddable":true,"href":"https:\/\/informacionlocal.es\/it\/wp-json\/wp\/v2\/users\/1"}],"replies":[{"embeddable":true,"href":"https:\/\/informacionlocal.es\/it\/wp-json\/wp\/v2\/comments?post=10543"}],"version-history":[{"count":0,"href":"https:\/\/informacionlocal.es\/it\/wp-json\/wp\/v2\/posts\/10543\/revisions"}],"wp:featuredmedia":[{"embeddable":true,"href":"https:\/\/informacionlocal.es\/it\/wp-json\/wp\/v2\/media\/10545"}],"wp:attachment":[{"href":"https:\/\/informacionlocal.es\/it\/wp-json\/wp\/v2\/media?parent=10543"}],"wp:term":[{"taxonomy":"category","embeddable":true,"href":"https:\/\/informacionlocal.es\/it\/wp-json\/wp\/v2\/categories?post=10543"},{"taxonomy":"post_tag","embeddable":true,"href":"https:\/\/informacionlocal.es\/it\/wp-json\/wp\/v2\/tags?post=10543"}],"curies":[{"name":"wp","href":"https:\/\/api.w.org\/{rel}","templated":true}]}}