{"id":1053,"date":"2025-04-10T17:06:36","date_gmt":"2025-04-10T17:06:36","guid":{"rendered":"https:\/\/informacionlocal.es\/il-comune-di-pajara-rinnova-il-parco-giochi-per-bambini-accanto-al-ceip-costa-calma\/"},"modified":"2025-04-14T10:18:11","modified_gmt":"2025-04-14T10:18:11","slug":"il-comune-di-pajara-rinnova-il-parco-giochi-per-bambini-accanto-al-ceip-costa-calma","status":"publish","type":"post","link":"https:\/\/informacionlocal.es\/it\/il-comune-di-pajara-rinnova-il-parco-giochi-per-bambini-accanto-al-ceip-costa-calma\/","title":{"rendered":"Il Comune di P\u00e1jara rinnova il parco giochi per bambini accanto al CEIP Costa Calma"},"content":{"rendered":"<div class=\"entry-content\">\n<p><b><i>Il progetto prevede nuove strutture ludiche, la pavimentazione del terreno e miglioramenti della sicurezza del parco.<\/i><\/b><\/p>\n<p><span>Il Comune di P\u00e1jara, attraverso il Dipartimento di Parchi e Giardini, ha assegnato l&#8217;appalto per la ristrutturazione del parco giochi situato in Avenida Happag Lloyd a Costa Calma, accanto al CEIP Costa Calma. Il progetto, che mira a migliorare le strutture ricreative, prevede un investimento totale di oltre 30.000 euro.   <\/span><\/p>\n<p><span>Il primo vicesindaco e assessore ai Parchi e Giardini, Alexis Alonso, sottolinea che i lavori dureranno circa otto settimane. &#8220;Durante questo processo, saranno installati nuovi elementi di sicurezza, sar\u00e0 rimodellata la pavimentazione del terreno e l&#8217;area sar\u00e0 abbellita&#8221;. L&#8217;assessore sottolinea inoltre che &#8220;l&#8217;obiettivo dell&#8217;area \u00e8 quello di continuare a installare altri parchi giochi pubblici in diverse zone della citt\u00e0&#8221;.    <\/span><\/p>\n<p><span>Da parte sua, il sindaco di P\u00e1jara, Alejandro Jorge, sottolinea l&#8217;importanza di questo intervento per il Comune. &#8220;Con la ristrutturazione di questo parco giochi, continuiamo il nostro impegno a migliorare le infrastrutture pubbliche a beneficio dei nostri vicini, affinch\u00e9 possano godere di spazi pi\u00f9 moderni, sicuri e accessibili&#8221;. Inoltre, il sindaco osserva che &#8220;l&#8217;impegno dell&#8217;istituzione sar\u00e0 quello di continuare a migliorare le infrastrutture della citt\u00e0 di Costa Calmas&#8221;.    <\/span><\/p>\n<p><span>Con questa azione, il Comune di P\u00e1jara continua il suo lavoro di ammodernamento e miglioramento degli spazi pubblici del municipio, rispondendo cos\u00ec alle esigenze dei suoi abitanti e garantendo a tutti un ambiente sicuro e di qualit\u00e0.  <\/span><\/p>\n<div>Condividi<\/div>\n<\/div>\n","protected":false},"excerpt":{"rendered":"<p><i>Il progetto prevede nuove strutture ludiche, la pavimentazione del terreno e miglioramenti della sicurezza del parco.<\/i><\/p>\n","protected":false},"author":1,"featured_media":631,"comment_status":"open","ping_status":"open","sticky":false,"template":"","format":"standard","meta":{"inline_featured_image":false,"jnews-multi-image_gallery":[],"jnews_single_post":[],"jnews_primary_category":[],"jnews_social_meta":[],"jnews_override_counter":[],"jnews_post_split":[],"footnotes":""},"categories":[298],"tags":[202,224,223,203],"class_list":["post-1053","post","type-post","status-publish","format-standard","has-post-thumbnail","hentry","category-pajara-it","tag-comuni","tag-cultura-e-tempo-libero","tag-fuerteventura-it","tag-servizi-pubblici"],"jetpack_featured_media_url":"https:\/\/informacionlocal.es\/wp-content\/uploads\/2025\/04\/whatsapp-image-2025-04-07-at-14-06-08-e1744028007446.jpeg","_links":{"self":[{"href":"https:\/\/informacionlocal.es\/it\/wp-json\/wp\/v2\/posts\/1053","targetHints":{"allow":["GET"]}}],"collection":[{"href":"https:\/\/informacionlocal.es\/it\/wp-json\/wp\/v2\/posts"}],"about":[{"href":"https:\/\/informacionlocal.es\/it\/wp-json\/wp\/v2\/types\/post"}],"author":[{"embeddable":true,"href":"https:\/\/informacionlocal.es\/it\/wp-json\/wp\/v2\/users\/1"}],"replies":[{"embeddable":true,"href":"https:\/\/informacionlocal.es\/it\/wp-json\/wp\/v2\/comments?post=1053"}],"version-history":[{"count":1,"href":"https:\/\/informacionlocal.es\/it\/wp-json\/wp\/v2\/posts\/1053\/revisions"}],"predecessor-version":[{"id":1822,"href":"https:\/\/informacionlocal.es\/it\/wp-json\/wp\/v2\/posts\/1053\/revisions\/1822"}],"wp:featuredmedia":[{"embeddable":true,"href":"https:\/\/informacionlocal.es\/it\/wp-json\/wp\/v2\/media\/631"}],"wp:attachment":[{"href":"https:\/\/informacionlocal.es\/it\/wp-json\/wp\/v2\/media?parent=1053"}],"wp:term":[{"taxonomy":"category","embeddable":true,"href":"https:\/\/informacionlocal.es\/it\/wp-json\/wp\/v2\/categories?post=1053"},{"taxonomy":"post_tag","embeddable":true,"href":"https:\/\/informacionlocal.es\/it\/wp-json\/wp\/v2\/tags?post=1053"}],"curies":[{"name":"wp","href":"https:\/\/api.w.org\/{rel}","templated":true}]}}