{"id":10507,"date":"2025-09-08T19:02:09","date_gmt":"2025-09-08T18:02:09","guid":{"rendered":"https:\/\/informacionlocal.es\/exito-de-participacion-en-el-programa-verano-joven-2025\/"},"modified":"2025-09-08T19:02:09","modified_gmt":"2025-09-08T18:02:09","slug":"exito-de-participacion-en-el-programa-verano-joven-2025","status":"publish","type":"post","link":"https:\/\/informacionlocal.es\/it\/exito-de-participacion-en-el-programa-verano-joven-2025\/","title":{"rendered":"\u00c9xito de participaci\u00f3n en el programa Verano Joven 2025"},"content":{"rendered":"<div class=\"entry-content\"><strong>8 septiembre, 2025<\/strong><\/p>\n<p><strong><em>Cerca de 150 j\u00f3venes disfrutaron de actividades deportivas, culturales y de ocio saludable en todos los municipios de la Isla<\/em><\/strong><\/p>\n<p>Alrededor de 150 j\u00f3venes participaron en las actividades del programa Verano Joven 2025 de la Consejer\u00eda de Juventud del Cabildo de Fuerteventura. Una iniciativa dirigida a j\u00f3venes de entre 12 y 30 a\u00f1os que ha buscado ofrecer experiencias deportivas, de ocio saludable, educativo y vinculado al entorno y patrimonio natural, cultural y arqueol\u00f3gico de la isla.<\/p>\n<p>Esta edici\u00f3n cont\u00f3 con un total de 12 actividades, distribuidas por los diferentes municipios, que incluyeron excursi\u00f3n al Islote de Lobos, avistamiento de cet\u00e1ceos, iniciaci\u00f3n al surf, deportes aut\u00f3ctonos como Vela Latina Canaria, Karting, excursi\u00f3n en Catamar\u00e1n, hinchables y pedales en el Parque Acu\u00e1tico de Caleta de Fuste, visita a la granja camellar m\u00e1s grande de Europa (Dromemilk), ruta interpretada y taller en el yacimiento arqueol\u00f3gico de los podomorfos del Morro del Humilladero.<\/p>\n<p>Las actividades se iniciaron en el mes de julio y se extendieron hasta principios de este mes de septiembre. El consejero, Adargoma Hern\u00e1ndez Rodr\u00edguez destac\u00f3 que \u201cAct\u00edvate Verano 2025 es un espacio para que los j\u00f3venes de la isla disfruten del verano de una forma divertida, saludable y diferente, aprendiendo, compartiendo y conectando con nuestro territorio. Un programa que busca convertirse en referente dentro de las actividades juveniles de la Isla durante el verano, consolid\u00e1ndose como una cita imprescindible en la agenda estival para las nuevas generaciones.\u201d.<\/p>\n<\/div>\n","protected":false},"excerpt":{"rendered":"<p>8 septiembre, 2025 Cerca de 150 j\u00f3venes disfrutaron de actividades deportivas, culturales y de ocio saludable en todos los municipios de la Isla Alrededor de 150 j\u00f3venes participaron en las [&hellip;]<\/p>\n","protected":false},"author":1,"featured_media":10509,"comment_status":"open","ping_status":"open","sticky":false,"template":"","format":"standard","meta":{"inline_featured_image":false,"jnews-multi-image_gallery":[],"jnews_single_post":[],"jnews_primary_category":[],"jnews_social_meta":[],"jnews_override_counter":[],"jnews_post_split":[],"footnotes":""},"categories":[58],"tags":[82,65],"class_list":["post-10507","post","type-post","status-publish","format-standard","has-post-thumbnail","hentry","category-cabildo","tag-fuerteventura","tag-municipios"],"jetpack_featured_media_url":"https:\/\/informacionlocal.es\/wp-content\/uploads\/2025\/09\/1757322502-265af06882a29f94671e2162862e004a.jpg","_links":{"self":[{"href":"https:\/\/informacionlocal.es\/it\/wp-json\/wp\/v2\/posts\/10507","targetHints":{"allow":["GET"]}}],"collection":[{"href":"https:\/\/informacionlocal.es\/it\/wp-json\/wp\/v2\/posts"}],"about":[{"href":"https:\/\/informacionlocal.es\/it\/wp-json\/wp\/v2\/types\/post"}],"author":[{"embeddable":true,"href":"https:\/\/informacionlocal.es\/it\/wp-json\/wp\/v2\/users\/1"}],"replies":[{"embeddable":true,"href":"https:\/\/informacionlocal.es\/it\/wp-json\/wp\/v2\/comments?post=10507"}],"version-history":[{"count":0,"href":"https:\/\/informacionlocal.es\/it\/wp-json\/wp\/v2\/posts\/10507\/revisions"}],"wp:featuredmedia":[{"embeddable":true,"href":"https:\/\/informacionlocal.es\/it\/wp-json\/wp\/v2\/media\/10509"}],"wp:attachment":[{"href":"https:\/\/informacionlocal.es\/it\/wp-json\/wp\/v2\/media?parent=10507"}],"wp:term":[{"taxonomy":"category","embeddable":true,"href":"https:\/\/informacionlocal.es\/it\/wp-json\/wp\/v2\/categories?post=10507"},{"taxonomy":"post_tag","embeddable":true,"href":"https:\/\/informacionlocal.es\/it\/wp-json\/wp\/v2\/tags?post=10507"}],"curies":[{"name":"wp","href":"https:\/\/api.w.org\/{rel}","templated":true}]}}