{"id":1047,"date":"2025-04-10T16:50:10","date_gmt":"2025-04-10T16:50:10","guid":{"rendered":"https:\/\/informacionlocal.es\/scoprite-la-nuova-edizione-di-speak-and-share-con-le-ultime-notizie-sullo-sviluppo-locale\/"},"modified":"2025-04-14T10:18:54","modified_gmt":"2025-04-14T10:18:54","slug":"scoprite-la-nuova-edizione-di-speak-and-share-con-le-ultime-notizie-sullo-sviluppo-locale","status":"publish","type":"post","link":"https:\/\/informacionlocal.es\/it\/scoprite-la-nuova-edizione-di-speak-and-share-con-le-ultime-notizie-sullo-sviluppo-locale\/","title":{"rendered":"Scoprite la nuova edizione di &#8220;Speak and Share&#8221; con le ultime notizie sullo sviluppo locale."},"content":{"rendered":"<p>Il Comune di La Oliva, attraverso il Dipartimento di Sviluppo Locale, guidato da Alexandra Mart\u00edn, presenta la nuova edizione della newsletter &#8220;Opina y Comparte&#8221; (Parla e condividi). L&#8217;obiettivo di questo documento \u00e8 quello di informare sulle novit\u00e0 realizzate dal territorio nell&#8217;ultimo mese. In questa occasione, il lettore trover\u00e0 un&#8217;edizione con storie di successo, persone che sono riuscite a trovare lavoro grazie al nostro PBE, informazioni sulla nostra area di imprenditorialit\u00e0 PRODAE, formazione e corsi.  <\/p>\n<p>Un altro punto chiave della newsletter \u00e8 fornire ai cittadini informazioni dettagliate sul lavoro svolto dal Dipartimento di Sviluppo Locale. Inoltre, il Dipartimento incoraggia tutti coloro che desiderano far sentire la propria voce a farlo attraverso questa risorsa. <\/p>\n<p>Il sindaco di La Oliva, Isa\u00ed Blanco, afferma: &#8220;Questo documento \u00e8 uno strumento prezioso per il Dipartimento di Sviluppo Locale, in quanto consente di avvicinare la popolazione ai movimenti che vengono sviluppati e promossi dalla zona per migliorare l&#8217;occupabilit\u00e0 nel nostro comune&#8221;.<\/p>\n<p>L&#8217;assessore allo Sviluppo locale, Alexandra Mart\u00edn, ricorda: &#8220;Il bollettino non serve solo al Consiglio per far conoscere tutte le informazioni sul lavoro che si sta svolgendo ogni mese, ma vuole anche essere utilizzato come altoparlante per tutti quei vicini che vogliono esprimere la loro opinione, le loro proposte e altre idee relative all&#8217;occupazione&#8221;.<\/p>\n<p>Accedete a tutte le newsletter attraverso il seguente link: https:\/\/laoliva.es\/PBE\/ La consigliera Alexandra Mart\u00edn vuole essere pi\u00f9 vicina a voi.<\/p>\n","protected":false},"excerpt":{"rendered":"<p><span>Questo bollettino fornisce informazioni sugli sviluppi dell&#8217;area nell&#8217;ultimo mese.<\/span><\/p>\n","protected":false},"author":1,"featured_media":604,"comment_status":"open","ping_status":"open","sticky":false,"template":"","format":"standard","meta":{"inline_featured_image":false,"jnews-multi-image_gallery":[],"jnews_single_post":[],"jnews_primary_category":[],"jnews_social_meta":[],"jnews_override_counter":[],"jnews_post_split":[],"footnotes":""},"categories":[292],"tags":[202,220,235,222,203],"class_list":["post-1047","post","type-post","status-publish","format-standard","has-post-thumbnail","hentry","category-la-oliva-it","tag-comuni","tag-integrazione","tag-inviti-a-presentare-candidature","tag-occupazione-e-formazione","tag-servizi-pubblici"],"jetpack_featured_media_url":"https:\/\/informacionlocal.es\/wp-content\/uploads\/2025\/04\/5184_4c17ef00.png","_links":{"self":[{"href":"https:\/\/informacionlocal.es\/it\/wp-json\/wp\/v2\/posts\/1047","targetHints":{"allow":["GET"]}}],"collection":[{"href":"https:\/\/informacionlocal.es\/it\/wp-json\/wp\/v2\/posts"}],"about":[{"href":"https:\/\/informacionlocal.es\/it\/wp-json\/wp\/v2\/types\/post"}],"author":[{"embeddable":true,"href":"https:\/\/informacionlocal.es\/it\/wp-json\/wp\/v2\/users\/1"}],"replies":[{"embeddable":true,"href":"https:\/\/informacionlocal.es\/it\/wp-json\/wp\/v2\/comments?post=1047"}],"version-history":[{"count":1,"href":"https:\/\/informacionlocal.es\/it\/wp-json\/wp\/v2\/posts\/1047\/revisions"}],"predecessor-version":[{"id":1842,"href":"https:\/\/informacionlocal.es\/it\/wp-json\/wp\/v2\/posts\/1047\/revisions\/1842"}],"wp:featuredmedia":[{"embeddable":true,"href":"https:\/\/informacionlocal.es\/it\/wp-json\/wp\/v2\/media\/604"}],"wp:attachment":[{"href":"https:\/\/informacionlocal.es\/it\/wp-json\/wp\/v2\/media?parent=1047"}],"wp:term":[{"taxonomy":"category","embeddable":true,"href":"https:\/\/informacionlocal.es\/it\/wp-json\/wp\/v2\/categories?post=1047"},{"taxonomy":"post_tag","embeddable":true,"href":"https:\/\/informacionlocal.es\/it\/wp-json\/wp\/v2\/tags?post=1047"}],"curies":[{"name":"wp","href":"https:\/\/api.w.org\/{rel}","templated":true}]}}