{"id":10397,"date":"2025-09-05T21:59:34","date_gmt":"2025-09-05T20:59:34","guid":{"rendered":"https:\/\/informacionlocal.es\/reunida-la-junta-de-seguridad-de-las-fiestas-en-honor-a-nuestra-senora-de-la-pena\/"},"modified":"2025-09-05T21:59:34","modified_gmt":"2025-09-05T20:59:34","slug":"reunida-la-junta-de-seguridad-de-las-fiestas-en-honor-a-nuestra-senora-de-la-pena","status":"publish","type":"post","link":"https:\/\/informacionlocal.es\/it\/reunida-la-junta-de-seguridad-de-las-fiestas-en-honor-a-nuestra-senora-de-la-pena\/","title":{"rendered":"Reunida la Junta de Seguridad de las Fiestas en Honor a Nuestra Se\u00f1ora de La Pe\u00f1a"},"content":{"rendered":"<div class=\"entry-content\"><strong>5 septiembre, 2025<\/strong><\/p>\n<p>Fuerteventura se prepara para acoger las Fiestas en Honor a Nuestra Se\u00f1ora de La Pe\u00f1a de 2025. En el d\u00eda de hoy se desarroll\u00f3 la Junta de Seguridad del evento para coordinar todas las actuaciones y el servicio de emergencias que garantizar\u00e1 la seguridad durante la celebraci\u00f3n de las fiestas de la patrona insular.<\/p>\n<p>Estuvieron presentes el consejero de Cultura del Cabildo de Fuerteventura, Rayco Le\u00f3n, el alcalde de Betancuria, Enrique Cerde\u00f1a, y la Directora Insular de la Administraci\u00f3n del Estado, Mar\u00eda Jes\u00fas de la Cruz, as\u00ed como el concejal Jos\u00e9 Cerde\u00f1a, entre otros representantes insulares y municipales. Asimismo, ha participado el personal de Cultura del Cabildo de Fuerteventura y personal del Ayuntamiento de Antigua, as\u00ed como representantes de los diferentes municipios, el Servicio de Prevenci\u00f3n, Extinci\u00f3n de Incendios y Salvamento de Fuerteventura (SPEIS), cuerpos de la Guardia Civil, Polic\u00eda Local, Bomberos, Protecci\u00f3n Civil y la Unidad de Apoyo a las Emergencias del Gobierno de Canarias.<\/p>\n<p>La Junta de Seguridad plante\u00f3 un dispositivo acorde a la afluencia esperada en un acto multitudinario de estas caracter\u00edsticas, especialmente el d\u00eda festivo viernes 19 de septiembre, donde incrementa la afluencia con respecto al resto de d\u00edas. Contar\u00e1 con la participaci\u00f3n de efectivos de Guardia Civil, Guardia Civil de Tr\u00e1fico, Polic\u00eda Local, Bomberos, Protecci\u00f3n Civil y personal sanitario.<\/p>\n<p>Los cortes de tr\u00e1fico, de la autorizaci\u00f3n de Tr\u00e1fico, en el Valle de Santa In\u00e9s, se realizar\u00e1n desde las 18.00 horas del viernes 19 de septiembre hasta las 3.00 horas del s\u00e1bado 20 de septiembre. S\u00f3lo se permitir\u00e1 el acceso a los veh\u00edculos de transporte colectivo de viajeros, viajeros con tarjeta de discapacidad o residentes y veh\u00edculos de emergencia.<\/p>\n<p>Los horarios de apertura de las v\u00edas pueden ser modificados por la Jefatura de Tr\u00e1fico atendiendo a la intensidad circulatoria de veh\u00edculos y peatones.<\/p>\n<p>Desde el Cabildo y el Ayuntamiento de Betancuria se recomienda a los participantes extremar las precauciones de seguridad para que el evento transcurra sin ning\u00fan tipo de incidencia, as\u00ed como a utilizar el transporte p\u00fablico, que es reforzado con servicios especiales de guaguas por parte de la Corporaci\u00f3n insular.<\/p>\n<\/div>\n","protected":false},"excerpt":{"rendered":"<p>5 septiembre, 2025 Fuerteventura se prepara para acoger las Fiestas en Honor a Nuestra Se\u00f1ora de La Pe\u00f1a de 2025. En el d\u00eda de hoy se desarroll\u00f3 la Junta de [&hellip;]<\/p>\n","protected":false},"author":1,"featured_media":10399,"comment_status":"open","ping_status":"open","sticky":false,"template":"","format":"standard","meta":{"inline_featured_image":false,"jnews-multi-image_gallery":[],"jnews_single_post":[],"jnews_primary_category":[],"jnews_social_meta":[],"jnews_override_counter":[],"jnews_post_split":[],"footnotes":""},"categories":[58],"tags":[82,65,182],"class_list":["post-10397","post","type-post","status-publish","format-standard","has-post-thumbnail","hentry","category-cabildo","tag-fuerteventura","tag-municipios","tag-seguridad"],"jetpack_featured_media_url":"https:\/\/informacionlocal.es\/wp-content\/uploads\/2025\/09\/1757077478-4b26b72636c9a2737a97ce073ecf6925.jpg","_links":{"self":[{"href":"https:\/\/informacionlocal.es\/it\/wp-json\/wp\/v2\/posts\/10397","targetHints":{"allow":["GET"]}}],"collection":[{"href":"https:\/\/informacionlocal.es\/it\/wp-json\/wp\/v2\/posts"}],"about":[{"href":"https:\/\/informacionlocal.es\/it\/wp-json\/wp\/v2\/types\/post"}],"author":[{"embeddable":true,"href":"https:\/\/informacionlocal.es\/it\/wp-json\/wp\/v2\/users\/1"}],"replies":[{"embeddable":true,"href":"https:\/\/informacionlocal.es\/it\/wp-json\/wp\/v2\/comments?post=10397"}],"version-history":[{"count":0,"href":"https:\/\/informacionlocal.es\/it\/wp-json\/wp\/v2\/posts\/10397\/revisions"}],"wp:featuredmedia":[{"embeddable":true,"href":"https:\/\/informacionlocal.es\/it\/wp-json\/wp\/v2\/media\/10399"}],"wp:attachment":[{"href":"https:\/\/informacionlocal.es\/it\/wp-json\/wp\/v2\/media?parent=10397"}],"wp:term":[{"taxonomy":"category","embeddable":true,"href":"https:\/\/informacionlocal.es\/it\/wp-json\/wp\/v2\/categories?post=10397"},{"taxonomy":"post_tag","embeddable":true,"href":"https:\/\/informacionlocal.es\/it\/wp-json\/wp\/v2\/tags?post=10397"}],"curies":[{"name":"wp","href":"https:\/\/api.w.org\/{rel}","templated":true}]}}