{"id":10381,"date":"2025-09-05T20:00:03","date_gmt":"2025-09-05T19:00:03","guid":{"rendered":"https:\/\/informacionlocal.es\/finaliza-con-exito-el-campamento-digital-para-adolescentes-en-puerto-del-rosario\/"},"modified":"2025-09-05T20:00:03","modified_gmt":"2025-09-05T19:00:03","slug":"finaliza-con-exito-el-campamento-digital-para-adolescentes-en-puerto-del-rosario","status":"publish","type":"post","link":"https:\/\/informacionlocal.es\/it\/finaliza-con-exito-el-campamento-digital-para-adolescentes-en-puerto-del-rosario\/","title":{"rendered":"Finaliza con \u00e9xito el Campamento Digital para adolescentes en Puerto del Rosario"},"content":{"rendered":"<div class=\"entry-content\">\n<ul>\n<li><strong>M\u00e1s de medio centenar de j\u00f3venes de entre 9 y 14 a\u00f1os culminan esta experiencia con el Certificado Europeo en Competencias Digitales.<\/strong><strong>\u00a0<\/strong><\/li>\n<\/ul>\n<p><strong>En Puerto del Rosario, a 5 de septiembre de 2025.-<\/strong> Tras cinco intensas semanas de aprendizaje y convivencia, el Campamento Digital para adolescentes lleg\u00f3 a su fin este viernes, 5 de septiembre. Durante este tiempo, los chicos y chicas participantes pudieron adentrarse en el mundo digital a trav\u00e9s de talleres adaptados a su edad, centrados en la exploraci\u00f3n del entorno tecnol\u00f3gico, el uso responsable de Internet y el desarrollo de competencias orientadas a la empleabilidad y el emprendimiento. Todo ello, acompa\u00f1ados por un equipo de educadores especializados que guiaron de manera cercana y personalizada el proceso formativo.<\/p>\n<p>Cada adolescente concluy\u00f3 el programa con la obtenci\u00f3n del Certificado Europeo DigComp en Competencias Digitales, un aval oficial que acredita los conocimientos adquiridos y que les abre la puerta a seguir avanzando en el \u00e1mbito digital con mayor seguridad y confianza.<\/p>\n<p><img loading=\"lazy\" decoding=\"async\" loading=\"lazy\" class=\"size-large wp-image-156966 aligncenter\" src=\"https:\/\/informacionlocal.es\/wp-content\/uploads\/2025\/09\/campamento-digital-970x1024-1.jpeg\" width=\"970\" height=\"1024\" title=\"campamento-digital-970x1024-1\"><\/p>\n<p>El alcalde de Puerto del Rosario, David de Vera, destac\u00f3 que \u201cpara este grupo de gobierno es fundamental que la juventud del municipio tenga oportunidades de crecer y formarse en competencias que son esenciales para su futuro\u201d.<\/p>\n<p>Por su parte, la concejala de Nuevas Tecnolog\u00edas, Rosa Rodr\u00edguez, subray\u00f3 que \u201ceste campamento no solo ha servido para aprender inform\u00e1tica o redes, sino para sembrar curiosidad, esp\u00edritu cr\u00edtico y confianza en los propios j\u00f3venes. Los hemos visto aprender del proceso y apoyarse entre ellos durante toda esta experiencia\u201d.<\/p>\n<p>El proyecto, impulsado por la Fundaci\u00f3n Cibervoluntarios dentro del Programa de Competencias Digitales para la Infancia (CODI) del Ministerio de Juventud e Infancia y financiado por la Uni\u00f3n Europea \u2013 Next Generation EU, ha contado con la colaboraci\u00f3n del Ayuntamiento de Puerto del Rosario y ha significado una experiencia educativa transformadora que, sin duda, marca el comienzo de un camino digital lleno de posibilidades.<\/p>\n<\/div>\n","protected":false},"excerpt":{"rendered":"<p>M\u00e1s de medio centenar de j\u00f3venes de entre 9 y 14 a\u00f1os culminan esta experiencia con el Certificado Europeo en Competencias Digitales.\u00a0 En Puerto del Rosario, a 5 de septiembre [&hellip;]<\/p>\n","protected":false},"author":1,"featured_media":10383,"comment_status":"open","ping_status":"open","sticky":false,"template":"","format":"standard","meta":{"inline_featured_image":false,"jnews-multi-image_gallery":[],"jnews_single_post":[],"jnews_primary_category":[],"jnews_social_meta":[],"jnews_override_counter":[],"jnews_post_split":[],"footnotes":""},"categories":[61],"tags":[211],"class_list":["post-10381","post","type-post","status-publish","format-standard","has-post-thumbnail","hentry","category-puerto-del-rosario","tag-puerto-del-rosario"],"jetpack_featured_media_url":"https:\/\/informacionlocal.es\/wp-content\/uploads\/2025\/09\/campamento-digital.png","_links":{"self":[{"href":"https:\/\/informacionlocal.es\/it\/wp-json\/wp\/v2\/posts\/10381","targetHints":{"allow":["GET"]}}],"collection":[{"href":"https:\/\/informacionlocal.es\/it\/wp-json\/wp\/v2\/posts"}],"about":[{"href":"https:\/\/informacionlocal.es\/it\/wp-json\/wp\/v2\/types\/post"}],"author":[{"embeddable":true,"href":"https:\/\/informacionlocal.es\/it\/wp-json\/wp\/v2\/users\/1"}],"replies":[{"embeddable":true,"href":"https:\/\/informacionlocal.es\/it\/wp-json\/wp\/v2\/comments?post=10381"}],"version-history":[{"count":0,"href":"https:\/\/informacionlocal.es\/it\/wp-json\/wp\/v2\/posts\/10381\/revisions"}],"wp:featuredmedia":[{"embeddable":true,"href":"https:\/\/informacionlocal.es\/it\/wp-json\/wp\/v2\/media\/10383"}],"wp:attachment":[{"href":"https:\/\/informacionlocal.es\/it\/wp-json\/wp\/v2\/media?parent=10381"}],"wp:term":[{"taxonomy":"category","embeddable":true,"href":"https:\/\/informacionlocal.es\/it\/wp-json\/wp\/v2\/categories?post=10381"},{"taxonomy":"post_tag","embeddable":true,"href":"https:\/\/informacionlocal.es\/it\/wp-json\/wp\/v2\/tags?post=10381"}],"curies":[{"name":"wp","href":"https:\/\/api.w.org\/{rel}","templated":true}]}}