{"id":10327,"date":"2025-09-05T13:01:12","date_gmt":"2025-09-05T12:01:12","guid":{"rendered":"https:\/\/informacionlocal.es\/puerto-del-rosario-inicia-la-instalacion-de-la-senaletica-en-calles-y-caminos-de-sus-nucleos-rurales\/"},"modified":"2025-09-05T13:01:12","modified_gmt":"2025-09-05T12:01:12","slug":"puerto-del-rosario-inicia-la-instalacion-de-la-senaletica-en-calles-y-caminos-de-sus-nucleos-rurales","status":"publish","type":"post","link":"https:\/\/informacionlocal.es\/it\/puerto-del-rosario-inicia-la-instalacion-de-la-senaletica-en-calles-y-caminos-de-sus-nucleos-rurales\/","title":{"rendered":"Puerto del Rosario inicia la instalaci\u00f3n de la se\u00f1al\u00e9tica en calles y caminos de sus n\u00facleos rurales"},"content":{"rendered":"<div class=\"entry-content\">\n<ul>\n<li><strong>La actuaci\u00f3n, que comienza en Ampuyenta, atiende una demanda hist\u00f3rica de los vecinos y vecinas que reclamaban la numeraci\u00f3n y rotulaci\u00f3n de sus v\u00edas.<\/strong><strong>\u00a0<\/strong><\/li>\n<\/ul>\n<p><strong>En Puerto del Rosario, a 5 de septiembre de 2025.-<\/strong> El Ayuntamiento de Puerto del Rosario ha puesto en marcha la instalaci\u00f3n de la nueva se\u00f1al\u00e9tica que identificar\u00e1 calles y caminos en los distintos pueblos y barrios rurales del municipio. Los trabajos arrancan en Ampuyenta y se extender\u00e1n progresivamente al resto de n\u00facleos, dando respuesta a una demanda vecinal de muchos a\u00f1os: contar con placas visibles con el nombre de las calles y n\u00fameros en las viviendas.<\/p>\n<p>El proyecto contempla la colocaci\u00f3n de m\u00e1s de un millar de placas y postes en zonas como La Matilla, Tef\u00eda, Los Estancos, Tetir, Guisguey, Casillas del \u00c1ngel, El Time, Tesjuate, La Asomada, El Matorral, entre otras localidades.<\/p>\n<p><img loading=\"lazy\" decoding=\"async\" loading=\"lazy\" class=\"size-large wp-image-156957 aligncenter\" src=\"https:\/\/informacionlocal.es\/wp-content\/uploads\/2025\/09\/senaletica-1024x768-1.jpeg\" width=\"1024\" height=\"768\" title=\"senaletica-1024x768-1\"><\/p>\n<p>El alcalde de Puerto del Rosario, David de Vera, destac\u00f3 que \u201cpoder identificar cada vivienda y cada calle de manera clara no es solo una cuesti\u00f3n est\u00e9tica, es un paso fundamental en la calidad de vida en nuestros pueblos ya que, entre otros, facilita el reparto de correspondencia, mejora la seguridad y da respuesta a una demanda que los vecinos llevaban tiempo esperando\u201d.<\/p>\n<p>Por su parte, la concejala de Tr\u00e1fico, Jenifer P\u00e9rez, se\u00f1al\u00f3 que \u201ctener una direcci\u00f3n bien se\u00f1alizada parece algo b\u00e1sico, pero en muchos de nuestros n\u00facleos rurales a\u00fan no era una realidad. Con estas placas, los vecinos y vecinas podr\u00e1n recibir mejor los servicios, desde un paquete hasta una ambulancia, sin confusiones ni retrasos\u201d.<\/p>\n<p>La concejala de Contrataci\u00f3n, Mar\u00eda Franco, subray\u00f3 que \u201ceste contrato ha sido pensado para dar una soluci\u00f3n integral, garantizando materiales de calidad y respetando la imagen corporativa del municipio. Es una inversi\u00f3n necesaria que se notar\u00e1 en la vida cotidiana de nuestros vecinos y vecinas\u201d.<\/p>\n<p>Con esta actuaci\u00f3n, el Ayuntamiento quiere dar respuesta a una necesidad muy demandada por la ciudadan\u00eda rural, mejorando algo tan esencial como poder localizar con facilidad cada casa y cada camino.<\/p>\n<\/div>\n","protected":false},"excerpt":{"rendered":"<p>La actuaci\u00f3n, que comienza en Ampuyenta, atiende una demanda hist\u00f3rica de los vecinos y vecinas que reclamaban la numeraci\u00f3n y rotulaci\u00f3n de sus v\u00edas.\u00a0 En Puerto del Rosario, a 5 [&hellip;]<\/p>\n","protected":false},"author":1,"featured_media":10329,"comment_status":"open","ping_status":"open","sticky":false,"template":"","format":"standard","meta":{"inline_featured_image":false,"jnews-multi-image_gallery":[],"jnews_single_post":[],"jnews_primary_category":[],"jnews_social_meta":[],"jnews_override_counter":[],"jnews_post_split":[],"footnotes":""},"categories":[61],"tags":[],"class_list":["post-10327","post","type-post","status-publish","format-standard","has-post-thumbnail","hentry","category-puerto-del-rosario"],"jetpack_featured_media_url":"https:\/\/informacionlocal.es\/wp-content\/uploads\/2025\/09\/senaletica.png","_links":{"self":[{"href":"https:\/\/informacionlocal.es\/it\/wp-json\/wp\/v2\/posts\/10327","targetHints":{"allow":["GET"]}}],"collection":[{"href":"https:\/\/informacionlocal.es\/it\/wp-json\/wp\/v2\/posts"}],"about":[{"href":"https:\/\/informacionlocal.es\/it\/wp-json\/wp\/v2\/types\/post"}],"author":[{"embeddable":true,"href":"https:\/\/informacionlocal.es\/it\/wp-json\/wp\/v2\/users\/1"}],"replies":[{"embeddable":true,"href":"https:\/\/informacionlocal.es\/it\/wp-json\/wp\/v2\/comments?post=10327"}],"version-history":[{"count":0,"href":"https:\/\/informacionlocal.es\/it\/wp-json\/wp\/v2\/posts\/10327\/revisions"}],"wp:featuredmedia":[{"embeddable":true,"href":"https:\/\/informacionlocal.es\/it\/wp-json\/wp\/v2\/media\/10329"}],"wp:attachment":[{"href":"https:\/\/informacionlocal.es\/it\/wp-json\/wp\/v2\/media?parent=10327"}],"wp:term":[{"taxonomy":"category","embeddable":true,"href":"https:\/\/informacionlocal.es\/it\/wp-json\/wp\/v2\/categories?post=10327"},{"taxonomy":"post_tag","embeddable":true,"href":"https:\/\/informacionlocal.es\/it\/wp-json\/wp\/v2\/tags?post=10327"}],"curies":[{"name":"wp","href":"https:\/\/api.w.org\/{rel}","templated":true}]}}