{"id":10315,"date":"2025-09-04T18:58:31","date_gmt":"2025-09-04T17:58:31","guid":{"rendered":"https:\/\/informacionlocal.es\/las-fiestas-en-honor-a-nuestra-senora-de-la-antigua-rinden-homenaje-a-sus-mayores\/"},"modified":"2025-09-04T18:58:31","modified_gmt":"2025-09-04T17:58:31","slug":"las-fiestas-en-honor-a-nuestra-senora-de-la-antigua-rinden-homenaje-a-sus-mayores","status":"publish","type":"post","link":"https:\/\/informacionlocal.es\/it\/las-fiestas-en-honor-a-nuestra-senora-de-la-antigua-rinden-homenaje-a-sus-mayores\/","title":{"rendered":"Las Fiestas en Honor a Nuestra Se\u00f1ora de La Antigua rinden Homenaje a sus Mayores"},"content":{"rendered":"<div class=\"elementor-widget-container\">\n<p><strong>Las Fiestas en Honor a Nuestra Se\u00f1ora de La Antigua rinden Homenaje a sus Mayores<\/strong><\/p>\n<p><strong>\u2022 Antigua celebra el tradicional Almuerzo de Homenaje a sus Mayores desde las 14:00 horas, en concreto este a\u00f1o a cinco vecinos rindi\u00e9ndoles respeto por ser como son y aportar tanto a su pueblo, afirma el alcalde. <\/strong><br \/><strong>\u2022 Bailes tradicionales en el Casino de Antigua con la Agrupaci\u00f3n La Tafe\u00f1a desde las 18:00 horas. <\/strong><br \/><strong>\u2022 Este mismo viernes desde las 21:00 horas la esperada y reclamada Verbena de los 80 con las orquestas Jacomar, Los \u00cddolos y el Grupo Guarapo de La Gomera acompa\u00f1ados por la voz de Teresa Negr\u00edn.<\/strong><\/p>\n<p>Este a\u00f1o, se\u00f1ala la concejala de Servicios Sociales, Am\u00e9rica Soto Betancor, el tradicional Homenaje a Mayores, organizado en coordinaci\u00f3n con la concejal\u00eda de Festejos, que en esta ocasi\u00f3n recae sobre Domingo Mesa Vel\u00e1zquez y Lolina Pe\u00f1a Betancor, Sionita Guerra Ruiz y Rodolfo Alberto Cabrera y Domingo Cabrera Pe\u00f1a.<\/p>\n<p>El Homenaje a nuestros Mayores que celebramos cada a\u00f1o en estas fechas en el Centro de Antigua es el reconocimiento que con gran gusto les rendimos, mostrando el respeto de su pueblo por ser como son y aportar tanto a su familia, amistades, vecinos y vecinas, afirma Mat\u00edas Pe\u00f1a.<\/p>\n<p>Un Homenaje recuerda el concejal de Festejos, Pedro M. Armas Mart\u00edn, amenizado con la m\u00fasica del mariachi, Dany M\u00e9ndez, y el d\u00fao Antonio y Loli invitando a bailar y disfrutar a todos los comensales.<\/p>\n<p>La tarde festiva del viernes comienza a las 18:00 horas, conociendo en el Casino de Antigua los Bailes tradicionales que nos muestra la agrupaci\u00f3n La Tafe\u00f1a y ser\u00e1 por la noche en la plaza de Antigua desde las 21:00 horas que podamos disfrutar de la popular por reclamada, Verbena de los 80, detalla el concejal, con las actuaciones de la Orquesta Jacomar, la Orquesta Los \u00cddolos y el Grupo Guarapo de La Gomera con Teresa Negr\u00edn, como vocalista.<\/p>\n<p>\u00a0<\/p>\n<\/div>\n","protected":false},"excerpt":{"rendered":"<p><strong>Las Fiestas en Honor a Nuestra Se\u00f1ora de La Antigua rinden Homenaje a sus Mayores<\/strong><\/p>\n","protected":false},"author":1,"featured_media":10317,"comment_status":"open","ping_status":"open","sticky":false,"template":"","format":"standard","meta":{"inline_featured_image":false,"jnews-multi-image_gallery":[],"jnews_single_post":[],"jnews_primary_category":[],"jnews_social_meta":[],"jnews_override_counter":[],"jnews_post_split":[],"footnotes":""},"categories":[59],"tags":[],"class_list":["post-10315","post","type-post","status-publish","format-standard","has-post-thumbnail","hentry","category-antigua"],"jetpack_featured_media_url":"https:\/\/informacionlocal.es\/wp-content\/uploads\/2025\/09\/imagen-de-whatsapp-2025-08-18-a-las-08-52-29_2b2de9a2.jpg","_links":{"self":[{"href":"https:\/\/informacionlocal.es\/it\/wp-json\/wp\/v2\/posts\/10315","targetHints":{"allow":["GET"]}}],"collection":[{"href":"https:\/\/informacionlocal.es\/it\/wp-json\/wp\/v2\/posts"}],"about":[{"href":"https:\/\/informacionlocal.es\/it\/wp-json\/wp\/v2\/types\/post"}],"author":[{"embeddable":true,"href":"https:\/\/informacionlocal.es\/it\/wp-json\/wp\/v2\/users\/1"}],"replies":[{"embeddable":true,"href":"https:\/\/informacionlocal.es\/it\/wp-json\/wp\/v2\/comments?post=10315"}],"version-history":[{"count":0,"href":"https:\/\/informacionlocal.es\/it\/wp-json\/wp\/v2\/posts\/10315\/revisions"}],"wp:featuredmedia":[{"embeddable":true,"href":"https:\/\/informacionlocal.es\/it\/wp-json\/wp\/v2\/media\/10317"}],"wp:attachment":[{"href":"https:\/\/informacionlocal.es\/it\/wp-json\/wp\/v2\/media?parent=10315"}],"wp:term":[{"taxonomy":"category","embeddable":true,"href":"https:\/\/informacionlocal.es\/it\/wp-json\/wp\/v2\/categories?post=10315"},{"taxonomy":"post_tag","embeddable":true,"href":"https:\/\/informacionlocal.es\/it\/wp-json\/wp\/v2\/tags?post=10315"}],"curies":[{"name":"wp","href":"https:\/\/api.w.org\/{rel}","templated":true}]}}