{"id":1031,"date":"2025-04-10T16:34:33","date_gmt":"2025-04-10T16:34:33","guid":{"rendered":"https:\/\/informacionlocal.es\/puerto-del-rosario-potenzia-laccessibilita-e-la-sicurezza-dei-pedoni-in-via-andalusia-con-lavvio-di-nuovi-lavori\/"},"modified":"2025-04-14T10:19:53","modified_gmt":"2025-04-14T10:19:53","slug":"puerto-del-rosario-potenzia-laccessibilita-e-la-sicurezza-dei-pedoni-in-via-andalusia-con-lavvio-di-nuovi-lavori","status":"publish","type":"post","link":"https:\/\/informacionlocal.es\/it\/puerto-del-rosario-potenzia-laccessibilita-e-la-sicurezza-dei-pedoni-in-via-andalusia-con-lavvio-di-nuovi-lavori\/","title":{"rendered":"Puerto del Rosario potenzia l&#8217;accessibilit\u00e0 e la sicurezza dei pedoni in via Andalusia con l&#8217;avvio di nuovi lavori"},"content":{"rendered":"<div class=\"entry-content\">\n<p>Nella mattinata di venerd\u00ec 4 aprile, il Municipio di Puerto del Rosario ha sottoscritto l&#8217;atto di inizio lavori per l&#8217;esecuzione del progetto di <strong>pavimentazione dei marciapiedi, miglioramento dell&#8217;accessibilit\u00e0 e ristrutturazione, ampliamento e installazione dei servizi di base in via Andalusia<\/strong>.<\/p>\n<p>L&#8217;intervento prevede il <strong>rifacimento completo dei marciapiedi e dei passaggi pedonali<\/strong>, con l&#8217;obiettivo di <strong>garantire maggiore sicurezza e comfort ai pedoni<\/strong>, eliminare le barriere architettoniche e ottimizzare l&#8217;ambiente urbano per tutti. Il progetto rientra nell&#8217;impegno del Comune per una citt\u00e0 pi\u00f9 accessibile, accogliente e pensata per le persone. <\/p>\n<p>Durante la cerimonia di inaugurazione, il <strong>sindaco di Puerto del Rosario, David de Vera<\/strong>, ha sottolineato che <em>&#8220;questo tipo di azione non solo migliora le infrastrutture della nostra citt\u00e0, ma riflette anche il nostro fermo impegno a costruire una capitale moderna, accessibile e sicura per tutti i nostri vicini&#8221;.<\/em><\/p>\n<p>Da parte sua, l&#8217;<strong>assessore all&#8217;Urbanistica, Ana Hern\u00e1ndez<\/strong>, ha valutato l&#8217;opera come <em>&#8220;un altro passo nel piano di rinnovamento urbano che stiamo sviluppando, dando priorit\u00e0 all&#8217;adattamento degli spazi pubblici e al miglioramento della qualit\u00e0 della vita nei nostri quartieri&#8221;.<\/em><\/p>\n<p>Allo stesso modo, l&#8217;<strong>Assessore all&#8217;Accessibilit\u00e0 e alla Mobilit\u00e0, To\u00f1i Fern\u00e1ndez<\/strong>, ha sottolineato che <em>&#8220;agire sullo spazio pubblico con criteri di accessibilit\u00e0 universale non \u00e8 solo un obbligo legale, ma un dovere etico. Quest&#8217;opera consentir\u00e0 a chiunque, a prescindere dalla propria mobilit\u00e0, di muoversi in modo sicuro e indipendente lungo Calle Andaluc\u00eda&#8221;.<\/em><\/p>\n<p>Il Comune continuer\u00e0 a lavorare per garantire che azioni come questa raggiungano progressivamente tutti i quartieri del comune, rafforzando la visione di una citt\u00e0 inclusiva e coesa.<\/p>\n<\/p>\n<\/div>\n","protected":false},"excerpt":{"rendered":"<p>Nella mattinata di venerd\u00ec 4 aprile, il Municipio di Puerto del Rosario ha sottoscritto l&#8217;atto di inizio lavori per l&#8217;esecuzione del progetto di pavimentazione dei marciapiedi, miglioramento dell&#8217;accessibilit\u00e0 e ristrutturazione, [&hellip;]<\/p>\n","protected":false},"author":1,"featured_media":553,"comment_status":"open","ping_status":"open","sticky":false,"template":"","format":"standard","meta":{"inline_featured_image":false,"jnews-multi-image_gallery":[],"jnews_single_post":[],"jnews_primary_category":[],"jnews_social_meta":[],"jnews_override_counter":[],"jnews_post_split":[],"footnotes":""},"categories":[295],"tags":[202,220,225,203],"class_list":["post-1031","post","type-post","status-publish","format-standard","has-post-thumbnail","hentry","category-puerto-del-rosario-it","tag-comuni","tag-integrazione","tag-regolamenti","tag-servizi-pubblici"],"jetpack_featured_media_url":"https:\/\/informacionlocal.es\/wp-content\/uploads\/2025\/04\/calle-andalucia-titu2-mejoras.jpg","_links":{"self":[{"href":"https:\/\/informacionlocal.es\/it\/wp-json\/wp\/v2\/posts\/1031","targetHints":{"allow":["GET"]}}],"collection":[{"href":"https:\/\/informacionlocal.es\/it\/wp-json\/wp\/v2\/posts"}],"about":[{"href":"https:\/\/informacionlocal.es\/it\/wp-json\/wp\/v2\/types\/post"}],"author":[{"embeddable":true,"href":"https:\/\/informacionlocal.es\/it\/wp-json\/wp\/v2\/users\/1"}],"replies":[{"embeddable":true,"href":"https:\/\/informacionlocal.es\/it\/wp-json\/wp\/v2\/comments?post=1031"}],"version-history":[{"count":1,"href":"https:\/\/informacionlocal.es\/it\/wp-json\/wp\/v2\/posts\/1031\/revisions"}],"predecessor-version":[{"id":1856,"href":"https:\/\/informacionlocal.es\/it\/wp-json\/wp\/v2\/posts\/1031\/revisions\/1856"}],"wp:featuredmedia":[{"embeddable":true,"href":"https:\/\/informacionlocal.es\/it\/wp-json\/wp\/v2\/media\/553"}],"wp:attachment":[{"href":"https:\/\/informacionlocal.es\/it\/wp-json\/wp\/v2\/media?parent=1031"}],"wp:term":[{"taxonomy":"category","embeddable":true,"href":"https:\/\/informacionlocal.es\/it\/wp-json\/wp\/v2\/categories?post=1031"},{"taxonomy":"post_tag","embeddable":true,"href":"https:\/\/informacionlocal.es\/it\/wp-json\/wp\/v2\/tags?post=1031"}],"curies":[{"name":"wp","href":"https:\/\/api.w.org\/{rel}","templated":true}]}}