{"id":10303,"date":"2025-09-04T16:58:22","date_gmt":"2025-09-04T15:58:22","guid":{"rendered":"https:\/\/informacionlocal.es\/cabildo-y-ayuntamiento-de-la-oliva-impulsan-el-sector-comercial-del-municipio-a-traves-de-un-convenio\/"},"modified":"2025-09-04T16:58:22","modified_gmt":"2025-09-04T15:58:22","slug":"cabildo-y-ayuntamiento-de-la-oliva-impulsan-el-sector-comercial-del-municipio-a-traves-de-un-convenio","status":"publish","type":"post","link":"https:\/\/informacionlocal.es\/it\/cabildo-y-ayuntamiento-de-la-oliva-impulsan-el-sector-comercial-del-municipio-a-traves-de-un-convenio\/","title":{"rendered":"\ufeffCabildo y Ayuntamiento de La Oliva impulsan el sector comercial del municipio a trav\u00e9s de un convenio"},"content":{"rendered":"<div class=\"entry-content\"><strong>4 septiembre, 2025<\/strong><\/p>\n<p><strong><em>El objetivo principal del proyecto es fortalecer las zonas comerciales abiertas con actividades para su dinamizaci\u00f3n<\/em><\/strong><\/p>\n<p>El Cabildo de Fuerteventura, a trav\u00e9s de la Consejer\u00eda de Comercio, ha firmado un convenio de colaboraci\u00f3n con el Ayuntamiento de La Oliva para la dinamizaci\u00f3n comercial en el municipio.\u00a0El convenio ha sido suscrito por la consejera de Comercio, Lolina Negr\u00edn, el alcalde del Ayuntamiento de La Oliva, Isa\u00ed Blanco, y la concejala del \u00e1rea, Alexandra Mart\u00edn.<\/p>\n<p>De esta manera, el Cabildo de Fuerteventura apoya el proyecto \u2018La Oliva es Comercio\u2019 del Ayuntamiento de La Oliva, un programa de acciones para la dinamizaci\u00f3n de las zonas comerciales abiertas del municipio.<\/p>\n<p>La consejera insular, Lolina Negr\u00edn, ha resaltado \u201cel compromiso del Cabildo con el desarrollo del comercio local, que es la base de nuestra actividad econ\u00f3mica\u201d. Asimismo, hace hincapi\u00e9 en \u201cla importancia de la colaboraci\u00f3n interadministrativa a trav\u00e9s de los convenios que se promueven desde el \u00e1rea insular de Comercio con los ayuntamientos para impulsar el comercio en cada uno de los municipios\u201d.<\/p>\n<p>El alcalde de La Oliva, Isa\u00ed Blanco, pone de relieve: \u201cLa firma de este convenio un a\u00f1o m\u00e1s, demuestra nuestra voluntad de seguir trabajando, junto al Cabildo Insular de Fuerteventura, en la promoci\u00f3n del comercio local en nuestro municipio. Este sector contin\u00faa en plena expansi\u00f3n en lo que a la econom\u00eda de La Oliva se refiere y, a trav\u00e9s de este convenio, seguimos impulsando su crecimiento.\u201d<\/p>\n<p>La concejala de Comercio, Alejandra Mart\u00edn, destac\u00f3 \u201cel paso importante que damos con la firma de este convenio de dinamizaci\u00f3n junto al Cabildo de Fuerteventura, un acuerdo que refuerza el compromiso de este gobierno con el impulso del Comercio Local en La Oliva. Nuestro municipio ha demostrado en los \u00faltimos a\u00f1os un crecimiento constante, y con esta iniciativa seguimos generando nuevas oportunidades para que ese desarrollo contin\u00fae.\u201d<\/p>\n<p>\u2018La Oliva es Comercio\u2019 incluye la campa\u00f1a \u2018Semana Canaria \u00a1Enyesque Comercial!\u2019, la cual se celebrar\u00e1 entre el 26 y el 30 de mayo de 2025 en Corralejo, con un conjunto de actividades culturales y de animaci\u00f3n. Se celebrar\u00e1n conciertos de m\u00fasica popular y campa\u00f1as promocionales con premios y bonos para consumir en los comercios adheridos.<\/p>\n<p>Este proyecto asciende a 21.340,38 euros, cofinanciados por el Cabildo de Fuerteventura y el Ayuntamiento de La Oliva.\u00a0La programaci\u00f3n busca atraer p\u00fablico a la zona comercial abierta de Corralejo, fomentar el consumo en los comercios locales y difundir la riqueza cultural y gastron\u00f3mica de Canarias.<\/p>\n<\/div>\n","protected":false},"excerpt":{"rendered":"<p>4 septiembre, 2025 El objetivo principal del proyecto es fortalecer las zonas comerciales abiertas con actividades para su dinamizaci\u00f3n El Cabildo de Fuerteventura, a trav\u00e9s de la Consejer\u00eda de Comercio, [&hellip;]<\/p>\n","protected":false},"author":1,"featured_media":10305,"comment_status":"open","ping_status":"open","sticky":false,"template":"","format":"standard","meta":{"inline_featured_image":false,"jnews-multi-image_gallery":[],"jnews_single_post":[],"jnews_primary_category":[],"jnews_social_meta":[],"jnews_override_counter":[],"jnews_post_split":[],"footnotes":""},"categories":[58],"tags":[82,65],"class_list":["post-10303","post","type-post","status-publish","format-standard","has-post-thumbnail","hentry","category-cabildo","tag-fuerteventura","tag-municipios"],"jetpack_featured_media_url":"https:\/\/informacionlocal.es\/wp-content\/uploads\/2025\/09\/rgrgrg.jpeg","_links":{"self":[{"href":"https:\/\/informacionlocal.es\/it\/wp-json\/wp\/v2\/posts\/10303","targetHints":{"allow":["GET"]}}],"collection":[{"href":"https:\/\/informacionlocal.es\/it\/wp-json\/wp\/v2\/posts"}],"about":[{"href":"https:\/\/informacionlocal.es\/it\/wp-json\/wp\/v2\/types\/post"}],"author":[{"embeddable":true,"href":"https:\/\/informacionlocal.es\/it\/wp-json\/wp\/v2\/users\/1"}],"replies":[{"embeddable":true,"href":"https:\/\/informacionlocal.es\/it\/wp-json\/wp\/v2\/comments?post=10303"}],"version-history":[{"count":0,"href":"https:\/\/informacionlocal.es\/it\/wp-json\/wp\/v2\/posts\/10303\/revisions"}],"wp:featuredmedia":[{"embeddable":true,"href":"https:\/\/informacionlocal.es\/it\/wp-json\/wp\/v2\/media\/10305"}],"wp:attachment":[{"href":"https:\/\/informacionlocal.es\/it\/wp-json\/wp\/v2\/media?parent=10303"}],"wp:term":[{"taxonomy":"category","embeddable":true,"href":"https:\/\/informacionlocal.es\/it\/wp-json\/wp\/v2\/categories?post=10303"},{"taxonomy":"post_tag","embeddable":true,"href":"https:\/\/informacionlocal.es\/it\/wp-json\/wp\/v2\/tags?post=10303"}],"curies":[{"name":"wp","href":"https:\/\/api.w.org\/{rel}","templated":true}]}}