{"id":10260,"date":"2025-09-04T11:01:00","date_gmt":"2025-09-04T10:01:00","guid":{"rendered":"https:\/\/informacionlocal.es\/antigua-lamenta-el-fallecimiento-de-d-jose-ignacio-brome-del-cuvillo-pionero-promotor-empresarial-en-caleta-de-fuste\/"},"modified":"2025-09-04T11:01:00","modified_gmt":"2025-09-04T10:01:00","slug":"antigua-lamenta-el-fallecimiento-de-d-jose-ignacio-brome-del-cuvillo-pionero-promotor-empresarial-en-caleta-de-fuste","status":"publish","type":"post","link":"https:\/\/informacionlocal.es\/it\/antigua-lamenta-el-fallecimiento-de-d-jose-ignacio-brome-del-cuvillo-pionero-promotor-empresarial-en-caleta-de-fuste\/","title":{"rendered":"Antigua lamenta el fallecimiento de D. Jos\u00e9 Ignacio Brome del Cuvillo pionero promotor empresarial en Caleta de Fuste"},"content":{"rendered":"<div class=\"elementor-widget-container\">\n<p><strong>Antigua lamenta el fallecimiento de D. Jos\u00e9 Ignacio Brome del Cuvillo pionero promotor empresarial en Caleta de Fuste<\/strong><\/p>\n<p><strong>\u2022 El Ayuntamiento de Antigua y en su nombre, el alcalde Mat\u00edas Pe\u00f1a Garc\u00eda, traslada su p\u00e9same y condolencias a la familia Brome.<\/strong><\/p>\n<p>D. Jos\u00e9 Ignacio Brome del Cuvillo impuls\u00f3 los primeros proyectos de desarrollo de Caleta de Fuste hasta ser la localidad tur\u00edstica destacada en el presente, apostando por la promoci\u00f3n y construcci\u00f3n de los primeros centros y zonas comerciales, entre otras iniciativas empresariales, estableciendo el marco para otras numerosas iniciativas que dinamizan econ\u00f3micamente la localidad, el municipio y la propia isla de Fuerteventura.<\/p>\n<p>Fallece a los 88 a\u00f1os un gran emprendedor, visionario de \u00e9xito que siempre apost\u00f3 por este municipio y la localidad de Caleta de Fuste, afirma el alcalde, lo afirmo como un reconocimiento a su trayectoria, trasladando mi pesar y el pesar de este Ayuntamiento de Antigua a su familia y amigos, nuestras m\u00e1s sentidas condolencias.<\/p>\n<\/div>\n","protected":false},"excerpt":{"rendered":"<p><strong>Antigua lamenta el fallecimiento de D. Jos\u00e9 Ignacio Brome del Cuvillo pionero promotor empresarial en Caleta de Fuste<\/strong><\/p>\n","protected":false},"author":1,"featured_media":10262,"comment_status":"open","ping_status":"open","sticky":false,"template":"","format":"standard","meta":{"inline_featured_image":false,"jnews-multi-image_gallery":[],"jnews_single_post":[],"jnews_primary_category":[],"jnews_social_meta":[],"jnews_override_counter":[],"jnews_post_split":[],"footnotes":""},"categories":[59],"tags":[311,82],"class_list":["post-10260","post","type-post","status-publish","format-standard","has-post-thumbnail","hentry","category-antigua","tag-antigua","tag-fuerteventura"],"jetpack_featured_media_url":"https:\/\/informacionlocal.es\/wp-content\/uploads\/2025\/09\/antigua-lamenta-el-fallecimiento-de-d-jose-ignacio-brome-del-cuvillo.jpg","_links":{"self":[{"href":"https:\/\/informacionlocal.es\/it\/wp-json\/wp\/v2\/posts\/10260","targetHints":{"allow":["GET"]}}],"collection":[{"href":"https:\/\/informacionlocal.es\/it\/wp-json\/wp\/v2\/posts"}],"about":[{"href":"https:\/\/informacionlocal.es\/it\/wp-json\/wp\/v2\/types\/post"}],"author":[{"embeddable":true,"href":"https:\/\/informacionlocal.es\/it\/wp-json\/wp\/v2\/users\/1"}],"replies":[{"embeddable":true,"href":"https:\/\/informacionlocal.es\/it\/wp-json\/wp\/v2\/comments?post=10260"}],"version-history":[{"count":0,"href":"https:\/\/informacionlocal.es\/it\/wp-json\/wp\/v2\/posts\/10260\/revisions"}],"wp:featuredmedia":[{"embeddable":true,"href":"https:\/\/informacionlocal.es\/it\/wp-json\/wp\/v2\/media\/10262"}],"wp:attachment":[{"href":"https:\/\/informacionlocal.es\/it\/wp-json\/wp\/v2\/media?parent=10260"}],"wp:term":[{"taxonomy":"category","embeddable":true,"href":"https:\/\/informacionlocal.es\/it\/wp-json\/wp\/v2\/categories?post=10260"},{"taxonomy":"post_tag","embeddable":true,"href":"https:\/\/informacionlocal.es\/it\/wp-json\/wp\/v2\/tags?post=10260"}],"curies":[{"name":"wp","href":"https:\/\/api.w.org\/{rel}","templated":true}]}}