{"id":1026,"date":"2025-04-10T16:42:33","date_gmt":"2025-04-10T16:42:33","guid":{"rendered":"https:\/\/informacionlocal.es\/il-comune-di-puerto-del-rosario-inizia-i-lavori-di-pulizia-e-restauro-della-rosa-de-juana-sanchez-per-recuperare-il-patrimonio-agricolo-ed-etnografico-del-comune\/"},"modified":"2025-04-14T10:19:50","modified_gmt":"2025-04-14T10:19:50","slug":"il-comune-di-puerto-del-rosario-inizia-i-lavori-di-pulizia-e-restauro-della-rosa-de-juana-sanchez-per-recuperare-il-patrimonio-agricolo-ed-etnografico-del-comune","status":"publish","type":"post","link":"https:\/\/informacionlocal.es\/it\/il-comune-di-puerto-del-rosario-inizia-i-lavori-di-pulizia-e-restauro-della-rosa-de-juana-sanchez-per-recuperare-il-patrimonio-agricolo-ed-etnografico-del-comune\/","title":{"rendered":"Il Comune di Puerto del Rosario inizia i lavori di pulizia e restauro della Rosa de Juana S\u00e1nchez per recuperare il patrimonio agricolo ed etnografico del comune."},"content":{"rendered":"<div class=\"entry-content\">\n<p><strong>La tenuta comunale situata a La Hondura sar\u00e0 riabilitata in diverse fasi nell&#8217;ambito di un progetto di valorizzazione dell&#8217;ambiente rurale e della storia locale.<\/strong><\/p>\n<p>Questa settimana il Comune di Puerto del Rosario ha dato il via a un importante intervento sulla propriet\u00e0 comunale conosciuta come La Rosa de Juana S\u00e1nchez, situata a nord del quartiere La Hondura della capitale. Questo spazio, di grande valore storico e patrimoniale, fa parte di un gruppo di propriet\u00e0 rurali che custodiscono la memoria agricola dell&#8217;antico Puerto Cabras e che ora cominciano a essere recuperate dal gruppo di governo municipale. <\/p>\n<p>I lavori intrapresi corrispondono alla prima fase di un pi\u00f9 ampio progetto di recupero dell&#8217;area e consistono principalmente nella pulizia, nella rimozione delle macerie e nel restauro di elementi tradizionali in pietra, con l&#8217;obiettivo di restituire al sito il suo aspetto originario e renderlo accessibile per la fruizione pubblica e la divulgazione culturale.<\/p>\n<p>La tenuta si distingue per la sua grande estensione di gavias &#8211; i tradizionali terreni agricoli aridi di Fuerteventura &#8211; cos\u00ec come per la presenza di stanze in pietra a secco e di un&#8217;aia circolare in acciottolato, che \u00e8 una delle pi\u00f9 belle e uniche del comune. Questo elemento, costruito con callaos (ciottoli basaltici da spiaggia), ha ciottoli radiali, stuccati con calce e ghiaia, ed \u00e8 la testimonianza dello sforzo e della conoscenza tramandata per generazioni nell&#8217;ambiente rurale di Fuerteventura. <\/p>\n<p>Il <strong>sindaco di Puerto del Rosario, David de Vera<\/strong>, ha voluto sottolineare il valore dell&#8217;inizio di questi lavori, sottolineando che  <strong>&#8220;<em>La Rosa de Juana S\u00e1nchez fa parte del ricco patrimonio agricolo e culturale che caratterizzava il nostro comune durante il suo periodo di Puerto Cabras. \u00c8 uno spazio che, nonostante lo stato di abbandono in cui \u00e8 stato trovato, conserva una bellezza unica e merita di essere salvato dall&#8217;oblio affinch\u00e9 le generazioni future possano conoscere le nostre origini. <\/em>&#8220;.<\/strong><\/p>\n<p><strong>Erica Gonz\u00e1lez<\/strong>, responsabile del dipartimento di <strong>Sviluppo locale<\/strong>, ha sottolineato l&#8217;importanza di questa azione come impegno per l&#8217;identit\u00e0 locale e lo sviluppo sostenibile.  <strong>&#8220;<em>Stiamo recuperando uno spazio che contiene la memoria viva del lavoro nei campi, delle mani che hanno costruito a mano i muretti a secco ancora conservati in questa tenuta. Grazie al coinvolgimento dei nostri servizi comunali e al lavoro specializzato degli scalpellini, restaureremo queste strutture e daremo dignit\u00e0 a questo ambiente, trasformandolo in un luogo di incontro con le nostre radici. <\/em>&#8220;.<\/strong><\/p>\n<p>Gonz\u00e1lez ha aggiunto che questo progetto apre anche opportunit\u00e0 future in termini di occupazione e dinamizzazione locale: <strong>&#8220;<em>vogliamo che questo spazio non sia solo un punto di riferimento per il patrimonio, ma anche uno strumento per generare attivit\u00e0 nel comune, sia dal punto di vista turistico che educativo, coinvolgendo giovani, scuole e associazioni nel suo utilizzo e nella sua conservazione<\/em>&#8220;.<\/strong><\/p>\n<p>Anche l&#8217;<strong>assessore ai Servizi e alle Citt\u00e0 e Quartieri, David de Le\u00f3n<\/strong>, ha valutato l&#8217;avvio di questi lavori come un passo importante nel piano comunale per il recupero degli spazi pubblici: <strong>&#8220;<em>siamo particolarmente entusiasti di questo progetto perch\u00e9 ha tutti gli ingredienti per <\/em><\/strong> <strong><em>per diventare un parco etnografico unico nel suo genere, un luogo che respira storia e natura e che si costruisce grazie allo sforzo collettivo. Questo tipo di iniziative contribuisce a valorizzare aree periferiche che per anni sono state dimenticate e che ora stanno tornando alla ribalta. <\/em><\/strong><strong>&#8220;.<\/strong><\/p>\n<p>De Le\u00f3n ha inoltre sottolineato il coinvolgimento del personale del Municipio nei lavori, nonch\u00e9 il coordinamento tra i diversi settori dell&#8217;amministrazione comunale per rendere possibile un intervento che pone al centro la conservazione del patrimonio culturale e il miglioramento dell&#8217;ambiente rurale.<\/p>\n<p>Questa azione rientra nella linea di lavoro che il Comune di Puerto del Rosario sta sviluppando per rivalutare il suo patrimonio storico e naturale, promuovendo una citt\u00e0 pi\u00f9 rispettosa del suo passato e impegnata in un futuro sostenibile. Le prossime fasi del progetto prevedono un ulteriore restauro e adattamento dell&#8217;ambiente circostante, sempre con l&#8217;obiettivo di rispettare l&#8217;essenza tradizionale dello spazio e favorire la sua integrazione nella vita sociale del comune. <\/p>\n<\/div>\n","protected":false},"excerpt":{"rendered":"<p>La tenuta comunale situata a La Hondura sar\u00e0 riabilitata in diverse fasi nell&#8217;ambito di un progetto di valorizzazione dell&#8217;ambiente rurale e della storia locale. Questa settimana il Comune di Puerto [&hellip;]<\/p>\n","protected":false},"author":1,"featured_media":592,"comment_status":"open","ping_status":"open","sticky":false,"template":"","format":"standard","meta":{"inline_featured_image":false,"jnews-multi-image_gallery":[],"jnews_single_post":[],"jnews_primary_category":[],"jnews_social_meta":[],"jnews_override_counter":[],"jnews_post_split":[],"footnotes":""},"categories":[295],"tags":[205,202,224,223,241],"class_list":["post-1026","post","type-post","status-publish","format-standard","has-post-thumbnail","hentry","category-puerto-del-rosario-it","tag-ambiente","tag-comuni","tag-cultura-e-tempo-libero","tag-fuerteventura-it","tag-patrimonio-it"],"jetpack_featured_media_url":"https:\/\/informacionlocal.es\/wp-content\/uploads\/2025\/04\/rosa-de-juana-titu-concejales.jpg","_links":{"self":[{"href":"https:\/\/informacionlocal.es\/it\/wp-json\/wp\/v2\/posts\/1026","targetHints":{"allow":["GET"]}}],"collection":[{"href":"https:\/\/informacionlocal.es\/it\/wp-json\/wp\/v2\/posts"}],"about":[{"href":"https:\/\/informacionlocal.es\/it\/wp-json\/wp\/v2\/types\/post"}],"author":[{"embeddable":true,"href":"https:\/\/informacionlocal.es\/it\/wp-json\/wp\/v2\/users\/1"}],"replies":[{"embeddable":true,"href":"https:\/\/informacionlocal.es\/it\/wp-json\/wp\/v2\/comments?post=1026"}],"version-history":[{"count":1,"href":"https:\/\/informacionlocal.es\/it\/wp-json\/wp\/v2\/posts\/1026\/revisions"}],"predecessor-version":[{"id":1852,"href":"https:\/\/informacionlocal.es\/it\/wp-json\/wp\/v2\/posts\/1026\/revisions\/1852"}],"wp:featuredmedia":[{"embeddable":true,"href":"https:\/\/informacionlocal.es\/it\/wp-json\/wp\/v2\/media\/592"}],"wp:attachment":[{"href":"https:\/\/informacionlocal.es\/it\/wp-json\/wp\/v2\/media?parent=1026"}],"wp:term":[{"taxonomy":"category","embeddable":true,"href":"https:\/\/informacionlocal.es\/it\/wp-json\/wp\/v2\/categories?post=1026"},{"taxonomy":"post_tag","embeddable":true,"href":"https:\/\/informacionlocal.es\/it\/wp-json\/wp\/v2\/tags?post=1026"}],"curies":[{"name":"wp","href":"https:\/\/api.w.org\/{rel}","templated":true}]}}