{"id":10238,"date":"2025-09-03T20:01:47","date_gmt":"2025-09-03T19:01:47","guid":{"rendered":"https:\/\/informacionlocal.es\/fuerteventura-fashion-week-se-consolida-con-el-apoyo-del-cabildo-de-fuerteventura\/"},"modified":"2025-09-03T20:01:47","modified_gmt":"2025-09-03T19:01:47","slug":"fuerteventura-fashion-week-se-consolida-con-el-apoyo-del-cabildo-de-fuerteventura","status":"publish","type":"post","link":"https:\/\/informacionlocal.es\/it\/fuerteventura-fashion-week-se-consolida-con-el-apoyo-del-cabildo-de-fuerteventura\/","title":{"rendered":"Fuerteventura Fashion Week se consolida con el apoyo del Cabildo de Fuerteventura\ufeff"},"content":{"rendered":"<div class=\"entry-content\"><strong>3 septiembre, 2025<\/strong><\/p>\n<p>El Cabildo de Fuerteventura, a trav\u00e9s del \u00e1rea de Promoci\u00f3n<br \/>\nEcon\u00f3mica, ha suscrito el convenio de colaboraci\u00f3n para la celebraci\u00f3n de una<br \/>\nnueva edici\u00f3n de Fuerteventura Fashion Week. La consejera del \u00e1rea, Nuria<br \/>\nCabrera, y la responsable de la marca, Rosa Mar\u00eda Perdomo, han firmado hoy el<br \/>\nacuerdo, con el objetivo de consolidar la edici\u00f3n de 2025 de evento de<br \/>\nreferencia en el sector de la moda del Archipi\u00e9lago.<\/p>\n<p>La Corporaci\u00f3n insular destina 45.000 euros, procedentes del Fondo<br \/>\nde Desarrollo de Canarias (FDCAN) al desarrollo de esta nueva edici\u00f3n, que<br \/>\ncuenta tambi\u00e9n con el apoyo del Ayuntamiento de Puerto del Rosario. Gracias<br \/>\nesta financiaci\u00f3n, el Cabildo da impulso al evento, contando con recursos para<br \/>\nsu producci\u00f3n, comunicaci\u00f3n, contrataci\u00f3n de modelos y actividades paralelas.<\/p>\n<p>Fuerteventura Fashion Week 2025 se proyecta como un escaparate<br \/>\npara los dise\u00f1adores canarios, a la vez que contribuye a reforzar la posici\u00f3n<br \/>\nde la isla como espacio de creaci\u00f3n y destino cultural en el \u00e1mbito<br \/>\ninternacional.<\/p>\n<p>La consejera de Promoci\u00f3n Econ\u00f3mica,\u00a0Nuria Cabrera, se\u00f1al\u00f3<br \/>\nque \u201cAdem\u00e1s de su valor art\u00edstico, el evento tendr\u00e1 un impacto directo en la<br \/>\neconom\u00eda local, favoreciendo al sector minorista, generando empleo y<br \/>\ndiversificando la oferta de Fuerteventura\u201d. \u201cCuenta adem\u00e1s con una amplia<br \/>\ncobertura medi\u00e1tica, lo que viene a reforzar la imagen de Fuerteventura como<br \/>\nreferente en el \u00e1mbito cultural y de la moda\u201d.<\/p>\n<p>La organizaci\u00f3n pone en valor el evento, como oportunidad \u00fanica<br \/>\npara visibilizar el talento de dise\u00f1adores canarios y consolidar a<br \/>\nFuerteventura como capital de la moda en Canarias.<\/p>\n<\/div>\n","protected":false},"excerpt":{"rendered":"<p>3 septiembre, 2025 El Cabildo de Fuerteventura, a trav\u00e9s del \u00e1rea de Promoci\u00f3n Econ\u00f3mica, ha suscrito el convenio de colaboraci\u00f3n para la celebraci\u00f3n de una nueva edici\u00f3n de Fuerteventura Fashion [&hellip;]<\/p>\n","protected":false},"author":1,"featured_media":10240,"comment_status":"open","ping_status":"open","sticky":false,"template":"","format":"standard","meta":{"inline_featured_image":false,"jnews-multi-image_gallery":[],"jnews_single_post":[],"jnews_primary_category":[],"jnews_social_meta":[],"jnews_override_counter":[],"jnews_post_split":[],"footnotes":""},"categories":[58],"tags":[82],"class_list":["post-10238","post","type-post","status-publish","format-standard","has-post-thumbnail","hentry","category-cabildo","tag-fuerteventura"],"jetpack_featured_media_url":"https:\/\/informacionlocal.es\/wp-content\/uploads\/2025\/09\/ttt.jpeg","_links":{"self":[{"href":"https:\/\/informacionlocal.es\/it\/wp-json\/wp\/v2\/posts\/10238","targetHints":{"allow":["GET"]}}],"collection":[{"href":"https:\/\/informacionlocal.es\/it\/wp-json\/wp\/v2\/posts"}],"about":[{"href":"https:\/\/informacionlocal.es\/it\/wp-json\/wp\/v2\/types\/post"}],"author":[{"embeddable":true,"href":"https:\/\/informacionlocal.es\/it\/wp-json\/wp\/v2\/users\/1"}],"replies":[{"embeddable":true,"href":"https:\/\/informacionlocal.es\/it\/wp-json\/wp\/v2\/comments?post=10238"}],"version-history":[{"count":0,"href":"https:\/\/informacionlocal.es\/it\/wp-json\/wp\/v2\/posts\/10238\/revisions"}],"wp:featuredmedia":[{"embeddable":true,"href":"https:\/\/informacionlocal.es\/it\/wp-json\/wp\/v2\/media\/10240"}],"wp:attachment":[{"href":"https:\/\/informacionlocal.es\/it\/wp-json\/wp\/v2\/media?parent=10238"}],"wp:term":[{"taxonomy":"category","embeddable":true,"href":"https:\/\/informacionlocal.es\/it\/wp-json\/wp\/v2\/categories?post=10238"},{"taxonomy":"post_tag","embeddable":true,"href":"https:\/\/informacionlocal.es\/it\/wp-json\/wp\/v2\/tags?post=10238"}],"curies":[{"name":"wp","href":"https:\/\/api.w.org\/{rel}","templated":true}]}}