{"id":10226,"date":"2025-09-03T17:59:31","date_gmt":"2025-09-03T16:59:31","guid":{"rendered":"https:\/\/informacionlocal.es\/apertura-del-plazo-para-la-matricula-extraordinaria-de-la-escuela-insular-de-musica-de-fuerteventura\/"},"modified":"2025-09-03T17:59:31","modified_gmt":"2025-09-03T16:59:31","slug":"apertura-del-plazo-para-la-matricula-extraordinaria-de-la-escuela-insular-de-musica-de-fuerteventura","status":"publish","type":"post","link":"https:\/\/informacionlocal.es\/it\/apertura-del-plazo-para-la-matricula-extraordinaria-de-la-escuela-insular-de-musica-de-fuerteventura\/","title":{"rendered":"Apertura del plazo para la matr\u00edcula extraordinaria de la Escuela Insular de M\u00fasica de Fuerteventura"},"content":{"rendered":"<div class=\"entry-content\"><strong>3 septiembre, 2025<\/strong><\/p>\n<p><strong><em>El formulario de inscripci\u00f3n estar\u00e1 disponible desde el 8 de septiembre, a partir de las 10.00 horas, y durante todo el d\u00eda el 9 de septiembre<\/em><\/strong><\/p>\n<p><strong><em>La solicitud de matriculaci\u00f3n se realiza a trav\u00e9s de la p\u00e1gina web oficial,\u00a0<\/em><\/strong><strong><em>escuelademusica.cabildofuer.es<\/em><\/strong><strong><em>, donde se incluyen las especialidades y sedes con plazas disponibles<\/em><\/strong><\/p>\n<p>El Cabildo de Fuerteventura, a trav\u00e9s de la Consejer\u00eda de Educaci\u00f3n que dirige Adargoma Hern\u00e1ndez, comunica la apertura de matriculaci\u00f3n extraordinaria en la Escuela Insular de M\u00fasica para el curso 2025\/2026.<\/p>\n<p>Del 8 de septiembre, a partir de las 10.00 horas, y la jornada del\u00a09 de septiembre son los d\u00edas habilitados para realizar la solicitud a trav\u00e9s de los enlaces disponibles en p\u00e1gina web oficial\u00a0escuelademusica.cabildofuer.es. Toda la informaci\u00f3n sobre la oferta educativa, los requisitos de edad y precios de matr\u00edcula est\u00e1n disponibles en el sitio web.<\/p>\n<\/div>\n","protected":false},"excerpt":{"rendered":"<p>3 septiembre, 2025 El formulario de inscripci\u00f3n estar\u00e1 disponible desde el 8 de septiembre, a partir de las 10.00 horas, y durante todo el d\u00eda el 9 de septiembre La [&hellip;]<\/p>\n","protected":false},"author":1,"featured_media":10228,"comment_status":"open","ping_status":"open","sticky":false,"template":"","format":"standard","meta":{"inline_featured_image":false,"jnews-multi-image_gallery":[],"jnews_single_post":[],"jnews_primary_category":[],"jnews_social_meta":[],"jnews_override_counter":[],"jnews_post_split":[],"footnotes":""},"categories":[58],"tags":[73,82],"class_list":["post-10226","post","type-post","status-publish","format-standard","has-post-thumbnail","hentry","category-cabildo","tag-educacion","tag-fuerteventura"],"jetpack_featured_media_url":"https:\/\/informacionlocal.es\/wp-content\/uploads\/2025\/09\/matricula-extraordinaria-eimf.jpg","_links":{"self":[{"href":"https:\/\/informacionlocal.es\/it\/wp-json\/wp\/v2\/posts\/10226","targetHints":{"allow":["GET"]}}],"collection":[{"href":"https:\/\/informacionlocal.es\/it\/wp-json\/wp\/v2\/posts"}],"about":[{"href":"https:\/\/informacionlocal.es\/it\/wp-json\/wp\/v2\/types\/post"}],"author":[{"embeddable":true,"href":"https:\/\/informacionlocal.es\/it\/wp-json\/wp\/v2\/users\/1"}],"replies":[{"embeddable":true,"href":"https:\/\/informacionlocal.es\/it\/wp-json\/wp\/v2\/comments?post=10226"}],"version-history":[{"count":0,"href":"https:\/\/informacionlocal.es\/it\/wp-json\/wp\/v2\/posts\/10226\/revisions"}],"wp:featuredmedia":[{"embeddable":true,"href":"https:\/\/informacionlocal.es\/it\/wp-json\/wp\/v2\/media\/10228"}],"wp:attachment":[{"href":"https:\/\/informacionlocal.es\/it\/wp-json\/wp\/v2\/media?parent=10226"}],"wp:term":[{"taxonomy":"category","embeddable":true,"href":"https:\/\/informacionlocal.es\/it\/wp-json\/wp\/v2\/categories?post=10226"},{"taxonomy":"post_tag","embeddable":true,"href":"https:\/\/informacionlocal.es\/it\/wp-json\/wp\/v2\/tags?post=10226"}],"curies":[{"name":"wp","href":"https:\/\/api.w.org\/{rel}","templated":true}]}}