{"id":10204,"date":"2025-09-03T14:59:24","date_gmt":"2025-09-03T13:59:24","guid":{"rendered":"https:\/\/informacionlocal.es\/el-reportero-grafico-manuel-ovalle-cuenta-en-su-biografia-como-presencio-a-sus-20-anos-el-sepelio-de-francisco-franco\/"},"modified":"2025-09-03T14:59:24","modified_gmt":"2025-09-03T13:59:24","slug":"el-reportero-grafico-manuel-ovalle-cuenta-en-su-biografia-como-presencio-a-sus-20-anos-el-sepelio-de-francisco-franco","status":"publish","type":"post","link":"https:\/\/informacionlocal.es\/it\/el-reportero-grafico-manuel-ovalle-cuenta-en-su-biografia-como-presencio-a-sus-20-anos-el-sepelio-de-francisco-franco\/","title":{"rendered":"El reportero gr\u00e1fico Manuel Ovalle cuenta en su biograf\u00eda c\u00f3mo presenci\u00f3 a sus 20 a\u00f1os el sepelio de Francisco Franco"},"content":{"rendered":"<div class=\"entry-content\">\n<ul>\n<li><span><strong>Es el \u00fanico testigo, a\u00fan vivo, que puede dar fe de lo sucedido<\/strong><strong>\u00a0<\/strong><\/span><\/li>\n<\/ul>\n<p><span><strong>En Puerto del Rosario, a 3 de septiembre de 2025.-<\/strong> El reportero gr\u00e1fico de TVE Manuel Ovalle presentar\u00e1 el pr\u00f3ximo d\u00eda 4 de septiembre en Puerto del Rosario (Isla de Fuerteventura) su biograf\u00eda Ovalle, reportero gr\u00e1fico (2024, Editorial Niebla). Tras recorrer acompa\u00f1ado de su c\u00e1mara, 135 pa\u00edses y 15 conflictos b\u00e9licos, sus vivencias como observador de los hechos con su fiel c\u00e1mara son contadas a la periodista Ana Mart\u00edn, quien ha revivido junto a Manuel Ovalle durante cuatro a\u00f1os, en encuentros presenciales y online, sus experiencias profesionales y personales a lo largo de una dilatada trayectoria, desde sus inicios en Televisi\u00f3n Espa\u00f1ola en el a\u00f1o 1974 hasta sus \u00faltimos trabajos en el a\u00f1o 2021 en Huelva, como reportero gr\u00e1fico de TVE en Andaluc\u00eda Occidental.\u00a0<\/span><\/p>\n<p><span>El cap\u00edtulo 2, titulado \u2018Con mi traje de boda en el sepelio de Francisco Franco\u2019 narra la experiencia de Ovalle, que formaba parte del reducido grupo de periodistas y reporteros \u00a0de este hecho hist\u00f3rico, que puso fin a cuarenta a\u00f1os de dictadura.\u00a0<\/span><\/p>\n<p><span>\u201cA mis 20 a\u00f1os, cuando llegu\u00e9 a la capilla del Palacio de Oriente me temblaba todo el cuerpo. Al hecho de vivir este hito hist\u00f3rico se sumaba la responsabilidad de cargar y descargar los chasis de la c\u00e1mara de cine de 16mm para obtener unas im\u00e1genes de la m\u00e1xima calidad\u201d. Ovalle relata en sus memorias que como ayudante de filmaci\u00f3n su cometido consist\u00eda en dar luz al f\u00e9retro con un flash aut\u00f3nomo y garantizar la llegada en perfecto estado a los estudios de TVE de Prado del Rey de las pel\u00edculas al laboratorio de revelado.\u00a0<\/span><\/p>\n<p><img loading=\"lazy\" decoding=\"async\" loading=\"lazy\" class=\"size-large wp-image-156904 aligncenter\" src=\"https:\/\/informacionlocal.es\/wp-content\/uploads\/2025\/09\/a-contracultura-4-sept-1-576x1024-1.jpeg\" width=\"576\" height=\"1024\" title=\"a-contracultura-4-sept-1-576x1024-1\"><\/p>\n<p><span>Desde el plano personal, Ovalle recuerda que en noviembre de 1975 en los muros del Palacio de Oriente \u201cse respiraba un g\u00e9lido fr\u00edo oto\u00f1al, que traspasaba el suave tejido de mi chaqueta. Se trataba de la americana que iba a usar para casarme un mes despu\u00e9s\u201d.<\/span><\/p>\n<p><span>El reportero gr\u00e1fico, \u00fanico testigo a\u00fan vivo, asegura que en el evento estuvieron presentes s\u00f3lo cinco periodistas de las agencias Efe y Europa Press, la revista Actualidad Espa\u00f1ola y TVE, as\u00ed como un reducido grupo de personalidades.<\/span><\/p>\n<p><span>El libro recoge en 28 cap\u00edtulos acontecimientos significativos de la historia de Espa\u00f1a y del mundo desde los a\u00f1os 70 hasta la actualidad y un \u00e1lbum fotogr\u00e1fico del archivo personal de Manuel Ovalle.<\/span><\/p>\n<p><span>Tras publicarse en febrero del a\u00f1o 2024, el libro se ha presentado ya en 54 ciudades de toda Espa\u00f1a, gracias a la colaboraci\u00f3n de RTVE y la Diputaci\u00f3n Provincial de Huelva. Pr\u00f3ximamente se presentar\u00e1 el d\u00eda 9 de octubre en la Casa Museo P\u00e9rez Gald\u00f3s en Las Palmas de Gran Canaria.<\/span><\/p>\n<p><span>La biograf\u00eda comienza con los pr\u00f3logos de los reconocidos periodistas y escritores Arturo P\u00e9rez-Reverte, Almudena Ariza, Carlos del Amor, Fernando Gonz\u00e1lez \u2018Gonzo\u2019 y Rosa Mar\u00eda Calaf.<\/span><\/p>\n<\/div>\n","protected":false},"excerpt":{"rendered":"<p>Es el \u00fanico testigo, a\u00fan vivo, que puede dar fe de lo sucedido\u00a0 En Puerto del Rosario, a 3 de septiembre de 2025.- El reportero gr\u00e1fico de TVE Manuel Ovalle [&hellip;]<\/p>\n","protected":false},"author":1,"featured_media":10206,"comment_status":"open","ping_status":"open","sticky":false,"template":"","format":"standard","meta":{"inline_featured_image":false,"jnews-multi-image_gallery":[],"jnews_single_post":[],"jnews_primary_category":[],"jnews_social_meta":[],"jnews_override_counter":[],"jnews_post_split":[],"footnotes":""},"categories":[61],"tags":[82],"class_list":["post-10204","post","type-post","status-publish","format-standard","has-post-thumbnail","hentry","category-puerto-del-rosario","tag-fuerteventura"],"jetpack_featured_media_url":"https:\/\/informacionlocal.es\/wp-content\/uploads\/2025\/09\/a-contracultura-jueves-4.png","_links":{"self":[{"href":"https:\/\/informacionlocal.es\/it\/wp-json\/wp\/v2\/posts\/10204","targetHints":{"allow":["GET"]}}],"collection":[{"href":"https:\/\/informacionlocal.es\/it\/wp-json\/wp\/v2\/posts"}],"about":[{"href":"https:\/\/informacionlocal.es\/it\/wp-json\/wp\/v2\/types\/post"}],"author":[{"embeddable":true,"href":"https:\/\/informacionlocal.es\/it\/wp-json\/wp\/v2\/users\/1"}],"replies":[{"embeddable":true,"href":"https:\/\/informacionlocal.es\/it\/wp-json\/wp\/v2\/comments?post=10204"}],"version-history":[{"count":0,"href":"https:\/\/informacionlocal.es\/it\/wp-json\/wp\/v2\/posts\/10204\/revisions"}],"wp:featuredmedia":[{"embeddable":true,"href":"https:\/\/informacionlocal.es\/it\/wp-json\/wp\/v2\/media\/10206"}],"wp:attachment":[{"href":"https:\/\/informacionlocal.es\/it\/wp-json\/wp\/v2\/media?parent=10204"}],"wp:term":[{"taxonomy":"category","embeddable":true,"href":"https:\/\/informacionlocal.es\/it\/wp-json\/wp\/v2\/categories?post=10204"},{"taxonomy":"post_tag","embeddable":true,"href":"https:\/\/informacionlocal.es\/it\/wp-json\/wp\/v2\/tags?post=10204"}],"curies":[{"name":"wp","href":"https:\/\/api.w.org\/{rel}","templated":true}]}}