{"id":1019,"date":"2025-04-10T16:44:32","date_gmt":"2025-04-10T16:44:32","guid":{"rendered":"https:\/\/informacionlocal.es\/la-oliva-lancia-il-programma-famiglia-attiva-in-comunita\/"},"modified":"2025-04-14T10:17:35","modified_gmt":"2025-04-14T10:17:35","slug":"la-oliva-lancia-il-programma-famiglia-attiva-in-comunita","status":"publish","type":"post","link":"https:\/\/informacionlocal.es\/it\/la-oliva-lancia-il-programma-famiglia-attiva-in-comunita\/","title":{"rendered":"La Oliva lancia il programma &#8220;Famiglia attiva in comunit\u00e0&#8221;."},"content":{"rendered":"<div class=\"col-md-12 text-justify p-3\"><img decoding=\"async\" src=\"https:\/\/informacionlocal.es\/wp-content\/uploads\/2025\/04\/5182_9b687d38-1.png\" vspace=\"10\" hspace=\"10\" width=\"640px\" title=\"5182_9b687d38-1\" class=\"img-fluid p-2\"><\/p>\n<p>Il Comune di La Oliva, attraverso il Dipartimento di Partecipazione Cittadina, diretto da Joana P\u00e9rez Carre\u00f1o, insieme al Dipartimento di Azione Sociale e Partecipazione Cittadina del Cabildo di Fuerteventura, sotto il comando di V\u00edctor Alonso, promuove il programma &#8220;Famiglia attiva in comunit\u00e0&#8221; da aprile a dicembre 2025. L&#8217;obiettivo di questo progetto interdisciplinare \u00e8 quello di promuovere attivit\u00e0 cooperative tra le famiglie del comune. L&#8217;obiettivo finale \u00e8 quindi quello di promuovere, attraverso queste dinamiche rivolte ai bambini, agli adolescenti e alle famiglie in generale, abitudini sane, la partecipazione alla comunit\u00e0, la dinamizzazione delle strade, la convivenza e le relazioni sociali, la qualit\u00e0 del tempo trascorso insieme in famiglia.<\/p>\n<p>In questo senso, i partecipanti potranno conoscere non solo i progetti dell&#8217;area di partecipazione cittadina come il &#8220;Consiglio comunale dei bambini, degli adolescenti&#8221;, il &#8220;Programma La Oliva Senior in forma&#8221; e altri gruppi, ma anche promuovere i valori comunitari di rispetto, solidariet\u00e0, tolleranza e inclusione.<\/p>\n<p>Il sindaco di La Oliva, Isa\u00ed Blanco, sottolinea: &#8220;Questo programma permetter\u00e0 alle famiglie del nostro comune di interagire con gli altri residenti locali. Attraverso una serie di attivit\u00e0, si otterr\u00e0 una maggiore partecipazione dei cittadini, rendendo la convivenza tra la nostra popolazione locale non solo pi\u00f9 dinamica, ma anche promuovendo valori indispensabili per la nostra societ\u00e0 attuale come la tolleranza, l&#8217;inclusione, il rispetto e la solidariet\u00e0&#8221;.<\/p>\n<p>Joana P\u00e9rez Carre\u00f1o, Assessore alla Partecipazione Cittadina, ha dichiarato: &#8220;\u00c8 un&#8217;ottima opportunit\u00e0 per la popolazione di conoscere questo importante progetto interdisciplinare e di partecipare alla sua dinamizzazione. I valori comunitari, la diffusione di abitudini sane, l&#8217;educazione e la sensibilizzazione saranno i punti focali di questo approccio che inizia ad aprile e durer\u00e0 fino a dicembre di quest&#8217;anno&#8221;.<\/p>\n<\/div>\n","protected":false},"excerpt":{"rendered":"<p>Il Comune di La Oliva, attraverso il Dipartimento di Partecipazione Cittadina, diretto da Joana P\u00e9rez Carre\u00f1o, insieme al Dipartimento di Azione Sociale e Partecipazione Cittadina del Cabildo di Fuerteventura, sotto [&hellip;]<\/p>\n","protected":false},"author":1,"featured_media":595,"comment_status":"open","ping_status":"open","sticky":false,"template":"","format":"standard","meta":{"inline_featured_image":false,"jnews-multi-image_gallery":[],"jnews_single_post":[],"jnews_primary_category":[],"jnews_social_meta":[],"jnews_override_counter":[],"jnews_post_split":[],"footnotes":""},"categories":[289],"tags":[202,224,223,220,221],"class_list":["post-1019","post","type-post","status-publish","format-standard","has-post-thumbnail","hentry","category-cabildo-it","tag-comuni","tag-cultura-e-tempo-libero","tag-fuerteventura-it","tag-integrazione","tag-istruzione"],"jetpack_featured_media_url":"https:\/\/informacionlocal.es\/wp-content\/uploads\/2025\/04\/5182_9b687d38.png","_links":{"self":[{"href":"https:\/\/informacionlocal.es\/it\/wp-json\/wp\/v2\/posts\/1019","targetHints":{"allow":["GET"]}}],"collection":[{"href":"https:\/\/informacionlocal.es\/it\/wp-json\/wp\/v2\/posts"}],"about":[{"href":"https:\/\/informacionlocal.es\/it\/wp-json\/wp\/v2\/types\/post"}],"author":[{"embeddable":true,"href":"https:\/\/informacionlocal.es\/it\/wp-json\/wp\/v2\/users\/1"}],"replies":[{"embeddable":true,"href":"https:\/\/informacionlocal.es\/it\/wp-json\/wp\/v2\/comments?post=1019"}],"version-history":[{"count":1,"href":"https:\/\/informacionlocal.es\/it\/wp-json\/wp\/v2\/posts\/1019\/revisions"}],"predecessor-version":[{"id":1806,"href":"https:\/\/informacionlocal.es\/it\/wp-json\/wp\/v2\/posts\/1019\/revisions\/1806"}],"wp:featuredmedia":[{"embeddable":true,"href":"https:\/\/informacionlocal.es\/it\/wp-json\/wp\/v2\/media\/595"}],"wp:attachment":[{"href":"https:\/\/informacionlocal.es\/it\/wp-json\/wp\/v2\/media?parent=1019"}],"wp:term":[{"taxonomy":"category","embeddable":true,"href":"https:\/\/informacionlocal.es\/it\/wp-json\/wp\/v2\/categories?post=1019"},{"taxonomy":"post_tag","embeddable":true,"href":"https:\/\/informacionlocal.es\/it\/wp-json\/wp\/v2\/tags?post=1019"}],"curies":[{"name":"wp","href":"https:\/\/api.w.org\/{rel}","templated":true}]}}