{"id":10176,"date":"2025-09-03T10:58:47","date_gmt":"2025-09-03T09:58:47","guid":{"rendered":"https:\/\/informacionlocal.es\/el-ayuntamiento-de-pajara-reacondiciona-las-canchas-multideporte-de-costa-calma\/"},"modified":"2025-09-03T10:58:47","modified_gmt":"2025-09-03T09:58:47","slug":"el-ayuntamiento-de-pajara-reacondiciona-las-canchas-multideporte-de-costa-calma","status":"publish","type":"post","link":"https:\/\/informacionlocal.es\/it\/el-ayuntamiento-de-pajara-reacondiciona-las-canchas-multideporte-de-costa-calma\/","title":{"rendered":"El Ayuntamiento de P\u00e1jara reacondiciona las canchas multideporte de Costa Calma"},"content":{"rendered":"<div class=\"entry-content\">\n<p><b><i>La intervenci\u00f3n se centr\u00f3 en el pintado completo de la superficie de las instalaciones al aire libre\u00a0<\/i><\/b><\/p>\n<p><span>La Concejal\u00eda de Obras del Ayuntamiento de P\u00e1jara, en coordinaci\u00f3n con la Concejal\u00eda de Deportes, ha ejecutado una actuaci\u00f3n de reacondicionamiento en las canchas multideporte situadas en la localidad de Costa Calma. La intervenci\u00f3n ha consistido en el pintado integral de la superficie de juego, con el objetivo de mejorar la imagen, funcionalidad y condiciones de uso de estas instalaciones al aire libre.\u00a0<\/span><\/p>\n<p><span>Esta acci\u00f3n se enmarca dentro del plan municipal del mantenimiento y mejora de espacios deportivos p\u00fablicos, con el prop\u00f3sito de ofrecer infraestructuras accesibles y en buen estado para la pr\u00e1ctica de actividades f\u00edsicas y recreativas.<\/span><\/p>\n<p><span>El primer teniente de alcalde y concejal de Obras, Alexis Alonso, ha subrayado el compromiso del Ayuntamiento con la mejora continua del entorno urbano. \u201cSe ha procedido a intervenir en la superficie de las canchas, pintando las distintas \u00e1reas correspondientes a los deportes que all\u00ed se practican, una medida necesaria de la que se beneficiar\u00e1n los usuarios de esta instalaci\u00f3n\u201d.\u00a0<\/span><\/p>\n<p><span>El concejal de Deportes, Jos\u00e9 Benito Alonso, ha puesto en valor la coordinaci\u00f3n de las dos \u00e1reas municipales como una de las claves para continuar trabajando en los servicios p\u00fablicos y en las propias infraestructuras. \u201cLa adecuaci\u00f3n de estas instalaciones permitir\u00e1 que los ni\u00f1os, ni\u00f1as y j\u00f3venes de Costa Calma sigan disfrutando del deporte en condiciones \u00f3ptimas\u201d.<\/span><\/p>\n<p><span>Por su parte, el alcalde de P\u00e1jara, Alejandro Jorge, ha se\u00f1alado que \u201cesta mejora obedece a un compromiso del Grupo de Gobierno en dar respuesta de forma progresiva a las necesidades que tiene Costa Calma. En este sentido, continuaremos los pr\u00f3ximos meses aplicando medidas que contribuir\u00e1n positivamente a la imagen de la localidad\u201d.\u00a0<\/span><\/p>\n<p><span>El Ayuntamiento agradece la colaboraci\u00f3n ciudadana y recuerda la importancia de cuidar y respetar las instalaciones p\u00fablicas para garantizar su buen estado a lo largo del tiempo.\u00a0<\/span><\/p>\n<\/div>\n","protected":false},"excerpt":{"rendered":"<p><i>La intervenci\u00f3n se centr\u00f3 en el pintado completo de la superficie de las instalaciones al aire libre\u00a0<\/i><\/p>\n","protected":false},"author":1,"featured_media":10178,"comment_status":"open","ping_status":"open","sticky":false,"template":"","format":"standard","meta":{"inline_featured_image":false,"jnews-multi-image_gallery":[],"jnews_single_post":[],"jnews_primary_category":[],"jnews_social_meta":[],"jnews_override_counter":[],"jnews_post_split":[],"footnotes":""},"categories":[63],"tags":[310,66],"class_list":["post-10176","post","type-post","status-publish","format-standard","has-post-thumbnail","hentry","category-pajara","tag-deportes","tag-servicios-publicos"],"jetpack_featured_media_url":"https:\/\/informacionlocal.es\/wp-content\/uploads\/2025\/09\/canchas-multideporte-pajara.jpg","_links":{"self":[{"href":"https:\/\/informacionlocal.es\/it\/wp-json\/wp\/v2\/posts\/10176","targetHints":{"allow":["GET"]}}],"collection":[{"href":"https:\/\/informacionlocal.es\/it\/wp-json\/wp\/v2\/posts"}],"about":[{"href":"https:\/\/informacionlocal.es\/it\/wp-json\/wp\/v2\/types\/post"}],"author":[{"embeddable":true,"href":"https:\/\/informacionlocal.es\/it\/wp-json\/wp\/v2\/users\/1"}],"replies":[{"embeddable":true,"href":"https:\/\/informacionlocal.es\/it\/wp-json\/wp\/v2\/comments?post=10176"}],"version-history":[{"count":0,"href":"https:\/\/informacionlocal.es\/it\/wp-json\/wp\/v2\/posts\/10176\/revisions"}],"wp:featuredmedia":[{"embeddable":true,"href":"https:\/\/informacionlocal.es\/it\/wp-json\/wp\/v2\/media\/10178"}],"wp:attachment":[{"href":"https:\/\/informacionlocal.es\/it\/wp-json\/wp\/v2\/media?parent=10176"}],"wp:term":[{"taxonomy":"category","embeddable":true,"href":"https:\/\/informacionlocal.es\/it\/wp-json\/wp\/v2\/categories?post=10176"},{"taxonomy":"post_tag","embeddable":true,"href":"https:\/\/informacionlocal.es\/it\/wp-json\/wp\/v2\/tags?post=10176"}],"curies":[{"name":"wp","href":"https:\/\/api.w.org\/{rel}","templated":true}]}}