{"id":10170,"date":"2025-09-02T22:08:12","date_gmt":"2025-09-02T21:08:12","guid":{"rendered":"https:\/\/informacionlocal.es\/el-cabildo-de-fuerteventura-abre-un-segundo-plazo-para-la-obtencion-del-carne-de-artesano\/"},"modified":"2025-09-02T22:08:12","modified_gmt":"2025-09-02T21:08:12","slug":"el-cabildo-de-fuerteventura-abre-un-segundo-plazo-para-la-obtencion-del-carne-de-artesano","status":"publish","type":"post","link":"https:\/\/informacionlocal.es\/it\/el-cabildo-de-fuerteventura-abre-un-segundo-plazo-para-la-obtencion-del-carne-de-artesano\/","title":{"rendered":"El Cabildo de Fuerteventura abre un segundo plazo para la obtenci\u00f3n del carn\u00e9 de artesano\ufeff"},"content":{"rendered":"<div class=\"entry-content\"><strong>2 septiembre, 2025<\/strong><\/p>\n<p><strong><em>Las inscripciones pueden realizarse hasta el 30 de septiembre en las Oficinas de Atenci\u00f3n al Ciudadano o v\u00eda telem\u00e1tica<\/em><\/strong><\/p>\n<p>El Cabildo de Fuerteventura, a trav\u00e9s del Servicio de Artesan\u00eda, ha abierto un segundo plazo para la presentaci\u00f3n de solicitudes de obtenci\u00f3n del carn\u00e9 de artesano y artesana, correspondiente al per\u00edodo 2025.<\/p>\n<p>La consejera de Artesan\u00eda, Lolina Negr\u00edn, anima a todos las personas interesadas de la isla a formalizar su inscripci\u00f3n en este proceso, \u201cque contribuye a la promoci\u00f3n y reconocimiento de la labor artesanal en el territorio insular\u201d.<\/p>\n<p>Las solicitudes deben presentarse hasta el 30 de septiembre, de lunes a viernes de 08:00 a 14:00 horas, en el Registro General del Cabildo, en los Registros Auxiliares de las Oficinas de Atenci\u00f3n al Ciudadano mencionadas anteriormente o de forma telem\u00e1tica a trav\u00e9s de la sede electr\u00f3nica de la corporaci\u00f3n insular.<\/p>\n<p>La documentaci\u00f3n e informaci\u00f3n necesaria se podr\u00e1 obtener en el Servicio de Artesan\u00eda de la instituci\u00f3n insular, ubicado en la\u00a0oficina A.105 del Parque Tecnol\u00f3gico de Fuerteventura, en Puerto del Rosario, as\u00ed como a trav\u00e9s del tel\u00e9fono 928 533 143. Tambi\u00e9n estar\u00e1 disponible en las Oficinas de Atenci\u00f3n al Ciudadano (OAC) en Puerto del Rosario, Corralejo, Gran Tarajal y Morro Jable.<\/p>\n<p>Adem\u00e1s, pueden consultarse en la web oficial de Artesan\u00eda del Cabildo de Fuerteventura,\u00a0www.artesaniafuerteventura.com, as\u00ed como en la p\u00e1gina web de la instituci\u00f3n insular,\u00a0www.cabildofuer.es.<\/p>\n<\/div>\n","protected":false},"excerpt":{"rendered":"<p>2 septiembre, 2025 Las inscripciones pueden realizarse hasta el 30 de septiembre en las Oficinas de Atenci\u00f3n al Ciudadano o v\u00eda telem\u00e1tica El Cabildo de Fuerteventura, a trav\u00e9s del Servicio [&hellip;]<\/p>\n","protected":false},"author":1,"featured_media":10172,"comment_status":"open","ping_status":"open","sticky":false,"template":"","format":"standard","meta":{"inline_featured_image":false,"jnews-multi-image_gallery":[],"jnews_single_post":[],"jnews_primary_category":[],"jnews_social_meta":[],"jnews_override_counter":[],"jnews_post_split":[],"footnotes":""},"categories":[58],"tags":[82],"class_list":["post-10170","post","type-post","status-publish","format-standard","has-post-thumbnail","hentry","category-cabildo","tag-fuerteventura"],"jetpack_featured_media_url":"https:\/\/informacionlocal.es\/wp-content\/uploads\/2025\/09\/1756808509-23f1be8b1efc9061d2e75925d0e9658a.jpg","_links":{"self":[{"href":"https:\/\/informacionlocal.es\/it\/wp-json\/wp\/v2\/posts\/10170","targetHints":{"allow":["GET"]}}],"collection":[{"href":"https:\/\/informacionlocal.es\/it\/wp-json\/wp\/v2\/posts"}],"about":[{"href":"https:\/\/informacionlocal.es\/it\/wp-json\/wp\/v2\/types\/post"}],"author":[{"embeddable":true,"href":"https:\/\/informacionlocal.es\/it\/wp-json\/wp\/v2\/users\/1"}],"replies":[{"embeddable":true,"href":"https:\/\/informacionlocal.es\/it\/wp-json\/wp\/v2\/comments?post=10170"}],"version-history":[{"count":0,"href":"https:\/\/informacionlocal.es\/it\/wp-json\/wp\/v2\/posts\/10170\/revisions"}],"wp:featuredmedia":[{"embeddable":true,"href":"https:\/\/informacionlocal.es\/it\/wp-json\/wp\/v2\/media\/10172"}],"wp:attachment":[{"href":"https:\/\/informacionlocal.es\/it\/wp-json\/wp\/v2\/media?parent=10170"}],"wp:term":[{"taxonomy":"category","embeddable":true,"href":"https:\/\/informacionlocal.es\/it\/wp-json\/wp\/v2\/categories?post=10170"},{"taxonomy":"post_tag","embeddable":true,"href":"https:\/\/informacionlocal.es\/it\/wp-json\/wp\/v2\/tags?post=10170"}],"curies":[{"name":"wp","href":"https:\/\/api.w.org\/{rel}","templated":true}]}}