{"id":1015,"date":"2025-04-10T16:40:32","date_gmt":"2025-04-10T16:40:32","guid":{"rendered":"https:\/\/informacionlocal.es\/puerto-del-rosario-presenta-nuovi-laboratori-comunitari-presso-il-centro-polivalente-el-charco\/"},"modified":"2025-04-14T10:18:52","modified_gmt":"2025-04-14T10:18:52","slug":"puerto-del-rosario-presenta-nuovi-laboratori-comunitari-presso-il-centro-polivalente-el-charco","status":"publish","type":"post","link":"https:\/\/informacionlocal.es\/it\/puerto-del-rosario-presenta-nuovi-laboratori-comunitari-presso-il-centro-polivalente-el-charco\/","title":{"rendered":"Puerto del Rosario presenta nuovi laboratori comunitari presso il Centro Polivalente El Charco"},"content":{"rendered":"<div class=\"entry-content\">\n<p>Il Municipio di Puerto del Rosario ha presentato a mezzogiorno di questo marted\u00ec, 1\u00b0 aprile, il nuovo programma di laboratori rivolti alla comunit\u00e0 presso il Centro Polivalente El Charco. Le attivit\u00e0 inizieranno il 7 aprile e sono aperte a cittadini di tutte le et\u00e0, con proposte come il cucito, la pittura e la stimolazione della memoria. <\/p>\n<p>Durante la presentazione, <strong>il sindaco David<\/strong><strong>de Vera<\/strong> ha sottolineato l&#8217;importanza di questa iniziativa: <strong>&#8220;Continuiamo a impegnarci per una dinamizzazione socio-culturale che raggiunga tutti gli angoli del comune. Con questi laboratori non solo incoraggiamo la partecipazione, ma recuperiamo anche spazi come questo centro polifunzionale, che avevano bisogno di essere riempiti di vita e attivit\u00e0 comunitaria&#8221;.<\/strong><\/p>\n<p>Da parte sua, l&#8217;<strong>assessore alla Partecipazione cittadina<\/strong>, <strong>Jenifer P\u00e9rez<\/strong>, ha illustrato nel dettaglio gli aspetti tecnici del progetto: <strong><em>&#8220;Si tratta di un bando di gara della durata di tre anni, pi\u00f9 uno rinnovabile, con un investimento annuale di 75.000 euro. Stiamo iniziando a El Charco, ma l&#8217;obiettivo \u00e8 quello di espandere l&#8217;attivit\u00e0 a tutti i villaggi e quartieri del comune, integrando anche le associazioni di quartiere e rispondendo alla grande richiesta di attivit\u00e0 come la pittura, il cucito o le percussioni, cos\u00ec strettamente legate al nostro carnevale&#8221;.<\/em><\/strong><\/p>\n<p><em> <\/em><strong>Erica Gonz\u00e1lez, assessore allo Sviluppo locale, ha <\/strong>voluto sottolineare l&#8217;impatto sociale di queste azioni: <strong><em>&#8220;Abbiamo gi\u00e0 visto il successo di iniziative precedenti, come il sostegno scolastico, che \u00e8 stato accolto molto bene in questo stesso centro. Con questo nuovo programma, diamo continuit\u00e0 e ampliamo l&#8217;offerta di formazione e di attivit\u00e0 ricreative per i nostri residenti, promuovendo anche l&#8217;occupazione locale&#8221;.<\/em><\/strong><\/p>\n<p>Infine, <strong>Fabio Bovy,<\/strong> rappresentante dell&#8217;azienda aggiudicataria del servizio, ha sottolineato l&#8217;esperienza e l&#8217;impegno del team: <strong><em>&#8220;Lavoriamo da 14 anni nel campo dell&#8217;invecchiamento attivo e dei laboratori per adulti. Abbiamo messo a disposizione del Comune tutte le nostre risorse fin dal primo giorno, con l&#8217;obiettivo di partire il prima possibile e offrire attivit\u00e0 utili e adatte alle reali esigenze della popolazione&#8221;.<\/em><\/strong><\/p>\n<p>Le iscrizioni sono aperte da oggi, 1\u00b0 aprile, tramite un modulo online o di persona presso il Centro Polivalente El Charco, dal luned\u00ec al venerd\u00ec tra le 10:00 e le 12:00.<\/p>\n<\/div>\n","protected":false},"excerpt":{"rendered":"<p>Il Municipio di Puerto del Rosario ha presentato a mezzogiorno di questo marted\u00ec, 1\u00b0 aprile, il nuovo programma di laboratori rivolti alla comunit\u00e0 presso il Centro Polivalente El Charco. Le [&hellip;]<\/p>\n","protected":false},"author":1,"featured_media":589,"comment_status":"open","ping_status":"open","sticky":false,"template":"","format":"standard","meta":{"inline_featured_image":false,"jnews-multi-image_gallery":[],"jnews_single_post":[],"jnews_primary_category":[],"jnews_social_meta":[],"jnews_override_counter":[],"jnews_post_split":[],"footnotes":""},"categories":[292],"tags":[202,224,238,223,222],"class_list":["post-1015","post","type-post","status-publish","format-standard","has-post-thumbnail","hentry","category-la-oliva-it","tag-comuni","tag-cultura-e-tempo-libero","tag-eventi","tag-fuerteventura-it","tag-occupazione-e-formazione"],"jetpack_featured_media_url":"https:\/\/informacionlocal.es\/wp-content\/uploads\/2025\/04\/polivalente-titu-foto-talleres-alcalde-y-concejales.jpg","_links":{"self":[{"href":"https:\/\/informacionlocal.es\/it\/wp-json\/wp\/v2\/posts\/1015","targetHints":{"allow":["GET"]}}],"collection":[{"href":"https:\/\/informacionlocal.es\/it\/wp-json\/wp\/v2\/posts"}],"about":[{"href":"https:\/\/informacionlocal.es\/it\/wp-json\/wp\/v2\/types\/post"}],"author":[{"embeddable":true,"href":"https:\/\/informacionlocal.es\/it\/wp-json\/wp\/v2\/users\/1"}],"replies":[{"embeddable":true,"href":"https:\/\/informacionlocal.es\/it\/wp-json\/wp\/v2\/comments?post=1015"}],"version-history":[{"count":1,"href":"https:\/\/informacionlocal.es\/it\/wp-json\/wp\/v2\/posts\/1015\/revisions"}],"predecessor-version":[{"id":1838,"href":"https:\/\/informacionlocal.es\/it\/wp-json\/wp\/v2\/posts\/1015\/revisions\/1838"}],"wp:featuredmedia":[{"embeddable":true,"href":"https:\/\/informacionlocal.es\/it\/wp-json\/wp\/v2\/media\/589"}],"wp:attachment":[{"href":"https:\/\/informacionlocal.es\/it\/wp-json\/wp\/v2\/media?parent=1015"}],"wp:term":[{"taxonomy":"category","embeddable":true,"href":"https:\/\/informacionlocal.es\/it\/wp-json\/wp\/v2\/categories?post=1015"},{"taxonomy":"post_tag","embeddable":true,"href":"https:\/\/informacionlocal.es\/it\/wp-json\/wp\/v2\/tags?post=1015"}],"curies":[{"name":"wp","href":"https:\/\/api.w.org\/{rel}","templated":true}]}}