{"id":10134,"date":"2025-09-02T17:58:26","date_gmt":"2025-09-02T16:58:26","guid":{"rendered":"https:\/\/informacionlocal.es\/el-campamento-de-verano-y-deporte-2025-despide-su-edicion-con-una-gran-fiesta-en-el-estadio-municipal-de-los-pozos\/"},"modified":"2025-09-02T17:58:26","modified_gmt":"2025-09-02T16:58:26","slug":"el-campamento-de-verano-y-deporte-2025-despide-su-edicion-con-una-gran-fiesta-en-el-estadio-municipal-de-los-pozos","status":"publish","type":"post","link":"https:\/\/informacionlocal.es\/it\/el-campamento-de-verano-y-deporte-2025-despide-su-edicion-con-una-gran-fiesta-en-el-estadio-municipal-de-los-pozos\/","title":{"rendered":"El Campamento de Verano y Deporte 2025 despide su edici\u00f3n con una gran fiesta en el Estadio Municipal de Los Pozos"},"content":{"rendered":"<div class=\"entry-content\">\n<ul>\n<li><strong>Ni\u00f1os y ni\u00f1as disfrutaron de juegos, espuma e hinchables en una jornada especial que puso el broche final a un verano lleno de deporte, convivencia y diversi\u00f3n<\/strong><strong>\u00a0<\/strong><\/li>\n<\/ul>\n<p><strong>En Puerto del Rosario, a 2 de septiembre de 2025.-<\/strong> El Ayuntamiento de Puerto del Rosario celebr\u00f3 el pasado viernes la clausura del Campamento de Verano y Deporte 2025, un proyecto que durante mes y medio ha reunido a m\u00e1s de un centenar de ni\u00f1os y ni\u00f1as del municipio en torno al deporte, el juego y la convivencia.<\/p>\n<p>La jornada final se traslad\u00f3 al Estadio Municipal de Los Pozos, donde las familias pudieron compartir con los peque\u00f1os una ma\u00f1ana diferente y llena de alegr\u00eda. Hinchables, fiesta de la espuma, juegos y sorpresas animaron la cita, que concluy\u00f3 con la entrega de obsequios a todos los participantes: diploma personalizado, gorra, mochila y cantimplora.<\/p>\n<p><img loading=\"lazy\" decoding=\"async\" loading=\"lazy\" class=\"size-large wp-image-156893 aligncenter\" src=\"https:\/\/informacionlocal.es\/wp-content\/uploads\/2025\/09\/clausura-campamento-deportes-3-1024x768-1.jpeg\" width=\"1024\" height=\"768\" title=\"clausura-campamento-deportes-3-1024x768-1\"><\/p>\n<p>El alcalde de Puerto del Rosario, David de Vera, destac\u00f3 durante el acto que \u201choy vemos la mejor recompensa al trabajo de muchas semanas: las sonrisas de los ni\u00f1os y ni\u00f1as y la tranquilidad de sus familias al saber que han contado con un entorno seguro, educativo y divertido. Para nosotros es fundamental ofrecer este tipo de iniciativas que ayudan a conciliar y, al mismo tiempo, fomentan valores como la convivencia, la igualdad y el respeto\u201d.<\/p>\n<p><img loading=\"lazy\" decoding=\"async\" loading=\"lazy\" class=\"size-large wp-image-156894 aligncenter\" src=\"https:\/\/informacionlocal.es\/wp-content\/uploads\/2025\/09\/clausura-campamento-deportes-2-1024x768-1.jpeg\" width=\"1024\" height=\"768\" title=\"clausura-campamento-deportes-2-1024x768-1\"><\/p>\n<p>Por su parte, el concejal de Deportes, Luis Chac\u00f3n, puso en valor la implicaci\u00f3n de todas las personas que han hecho posible este campamento: \u201cHan sido semanas intensas, con actividades deportivas, educativas y l\u00fadicas en diferentes espacios del municipio. Queremos agradecer a las familias la confianza depositada y al equipo t\u00e9cnico y monitores por su entrega diaria. Sin duda, hemos demostrado que el deporte es una herramienta maravillosa para crecer y compartir\u201d.<\/p>\n<p><img loading=\"lazy\" decoding=\"async\" loading=\"lazy\" class=\"size-large wp-image-156895 aligncenter\" src=\"https:\/\/informacionlocal.es\/wp-content\/uploads\/2025\/09\/clausura-campamento-deportes-4-1024x646-1.jpeg\" width=\"1024\" height=\"646\" title=\"clausura-campamento-deportes-4-1024x646-1\"><\/p>\n<p>El evento cont\u00f3 tambi\u00e9n con la presencia del gerente de la empresa adjudicataria GRUPO TAFOR CANARIAS SLU, Adasat Alonso, quien felicit\u00f3 a los menores por su participaci\u00f3n y anim\u00f3 a las familias a seguir apostando por el deporte y la vida activa.<\/p>\n<\/div>\n","protected":false},"excerpt":{"rendered":"<p>Ni\u00f1os y ni\u00f1as disfrutaron de juegos, espuma e hinchables en una jornada especial que puso el broche final a un verano lleno de deporte, convivencia y diversi\u00f3n\u00a0 En Puerto del [&hellip;]<\/p>\n","protected":false},"author":1,"featured_media":10136,"comment_status":"open","ping_status":"open","sticky":false,"template":"","format":"standard","meta":{"inline_featured_image":false,"jnews-multi-image_gallery":[],"jnews_single_post":[],"jnews_primary_category":[],"jnews_social_meta":[],"jnews_override_counter":[],"jnews_post_split":[],"footnotes":""},"categories":[61],"tags":[],"class_list":["post-10134","post","type-post","status-publish","format-standard","has-post-thumbnail","hentry","category-puerto-del-rosario"],"jetpack_featured_media_url":"https:\/\/informacionlocal.es\/wp-content\/uploads\/2025\/09\/campamento-de-verano-1.png","_links":{"self":[{"href":"https:\/\/informacionlocal.es\/it\/wp-json\/wp\/v2\/posts\/10134","targetHints":{"allow":["GET"]}}],"collection":[{"href":"https:\/\/informacionlocal.es\/it\/wp-json\/wp\/v2\/posts"}],"about":[{"href":"https:\/\/informacionlocal.es\/it\/wp-json\/wp\/v2\/types\/post"}],"author":[{"embeddable":true,"href":"https:\/\/informacionlocal.es\/it\/wp-json\/wp\/v2\/users\/1"}],"replies":[{"embeddable":true,"href":"https:\/\/informacionlocal.es\/it\/wp-json\/wp\/v2\/comments?post=10134"}],"version-history":[{"count":0,"href":"https:\/\/informacionlocal.es\/it\/wp-json\/wp\/v2\/posts\/10134\/revisions"}],"wp:featuredmedia":[{"embeddable":true,"href":"https:\/\/informacionlocal.es\/it\/wp-json\/wp\/v2\/media\/10136"}],"wp:attachment":[{"href":"https:\/\/informacionlocal.es\/it\/wp-json\/wp\/v2\/media?parent=10134"}],"wp:term":[{"taxonomy":"category","embeddable":true,"href":"https:\/\/informacionlocal.es\/it\/wp-json\/wp\/v2\/categories?post=10134"},{"taxonomy":"post_tag","embeddable":true,"href":"https:\/\/informacionlocal.es\/it\/wp-json\/wp\/v2\/tags?post=10134"}],"curies":[{"name":"wp","href":"https:\/\/api.w.org\/{rel}","templated":true}]}}