{"id":10128,"date":"2025-09-02T17:01:50","date_gmt":"2025-09-02T16:01:50","guid":{"rendered":"https:\/\/informacionlocal.es\/las-estrellas-brillaron-en-la-scala-hifi-infantil-de-las-fiestas-de-antigua\/"},"modified":"2025-09-02T17:01:50","modified_gmt":"2025-09-02T16:01:50","slug":"las-estrellas-brillaron-en-la-scala-hifi-infantil-de-las-fiestas-de-antigua","status":"publish","type":"post","link":"https:\/\/informacionlocal.es\/it\/las-estrellas-brillaron-en-la-scala-hifi-infantil-de-las-fiestas-de-antigua\/","title":{"rendered":"Las estrellas brillaron en la Scala Hifi Infantil de las Fiestas de Antigua"},"content":{"rendered":"<div class=\"elementor-widget-container\">\n<p><strong>Las estrellas brillaron en la Scala Hifi Infantil de las Fiestas de Antigua<\/strong><\/p>\n<p><strong>\u2022 La Scala Hifi Adulta \u2018Tu hocico me suena\u2019 cerrar\u00e1 las fiestas patronales el pr\u00f3ximo 8 de septiembre a las 21:00 horas. <\/strong><br \/><strong>\u2022 Los Juegos Tradicionales llegan este mi\u00e9rcoles 3 de septiembre a la Plaza de Antigua de mano de la Asociaci\u00f3n del jugo del palo canario, desde las 10:00 horas, y por la tarde, Masterclass de Zumba desde las 17:00 horas.<\/strong><br \/><strong>\u2022 El Teatro Costumbrista que ofrece la Asociaci\u00f3n Cultural El Campillo podr\u00e1 disfrutarse tambi\u00e9n este mi\u00e9rcoles a las 20:30 horas en el Casino de Antigua. <\/strong><br \/><strong>\u2022 El III Encuentro de Solistas el jueves a las 21:00 horas ser\u00e1 presentado por David Naranjo acompa\u00f1ado por el grupo de baile La Tafe\u00f1a y actuaciones de los m\u00fasicos Sim\u00f3n Artiles, Moneiba Garc\u00eda, H\u00e9ctor Gonz\u00e1lez y M\u00aaCarmen Encinoso.<\/strong><\/p>\n<p>Las Fiestas de Antigua 2025 avanzan con intensidad, ofreciendo cada d\u00eda un nuevo motivo de encuentro, una nueva cita para bailar, escuchar m\u00fasica, quedar a comer o rendir homenaje a un vecino o vecina, se\u00f1ala el alcalde, Mat\u00edas Pe\u00f1a.<\/p>\n<p>Este a\u00f1o, las Fiestas en Honor a Nuestra Se\u00f1ora de La Antigua acogen la tercera edici\u00f3n del Encuentro de Solistas, detalla el concejal de Festejos, Pedro M. Armas, que re\u00fane a m\u00fasicos de la talla de Sim\u00f3n Artiles, Moneiba Garc\u00eda, H\u00e9ctor Gonz\u00e1lez y M\u00aa Carmen Encinoso, presentado por Davico Naranjo y acompa\u00f1ado por el grupo de baile La Tafe\u00f1a.<\/p>\n<p>El concejal destaca la Scala Hifi Infantil celebrada este lunes y organizada por la Comisi\u00f3n de Fiestas, ofreciendo un espect\u00e1culo familiar donde las estrellas brillaron en cada actuaci\u00f3n.<\/p>\n<p>En los pr\u00f3ximos dos d\u00edas, destaca en la programaci\u00f3n de las Fiestas de Antigua, este mi\u00e9rcoles desde las 10:00 horas los juegos tradicionales que nos trae la Asociaci\u00f3n del juego de palo canario, por la tarde, Master Class de Zumbda y a las 20:30 horas el Teatro Costumbrista que nos ofrece en el Casino de Antigua, la Asociaci\u00f3n Cultural El Campillo.<\/p>\n<p>Sin olvidarnos, se\u00f1ala el concejal Pedro M. Armas, de las actividades infantiles el jueves por la ma\u00f1ana y por la tarde una nueva fiesta Infantil con Cuentacuentos de Animaciones Flor.<\/p>\n<\/div>\n","protected":false},"excerpt":{"rendered":"<p><strong>Las estrellas brillaron en la Scala Hifi Infantil de las Fiestas de Antigua<\/strong><\/p>\n","protected":false},"author":1,"featured_media":10130,"comment_status":"open","ping_status":"open","sticky":false,"template":"","format":"standard","meta":{"inline_featured_image":false,"jnews-multi-image_gallery":[],"jnews_single_post":[],"jnews_primary_category":[],"jnews_social_meta":[],"jnews_override_counter":[],"jnews_post_split":[],"footnotes":""},"categories":[59],"tags":[],"class_list":["post-10128","post","type-post","status-publish","format-standard","has-post-thumbnail","hentry","category-antigua"],"jetpack_featured_media_url":"https:\/\/informacionlocal.es\/wp-content\/uploads\/2025\/09\/0-las-estrellas-brillaron-en-la-scala-hifi-infantil-de-las-fiestas-de-antigua-6-scaled-1.jpg","_links":{"self":[{"href":"https:\/\/informacionlocal.es\/it\/wp-json\/wp\/v2\/posts\/10128","targetHints":{"allow":["GET"]}}],"collection":[{"href":"https:\/\/informacionlocal.es\/it\/wp-json\/wp\/v2\/posts"}],"about":[{"href":"https:\/\/informacionlocal.es\/it\/wp-json\/wp\/v2\/types\/post"}],"author":[{"embeddable":true,"href":"https:\/\/informacionlocal.es\/it\/wp-json\/wp\/v2\/users\/1"}],"replies":[{"embeddable":true,"href":"https:\/\/informacionlocal.es\/it\/wp-json\/wp\/v2\/comments?post=10128"}],"version-history":[{"count":0,"href":"https:\/\/informacionlocal.es\/it\/wp-json\/wp\/v2\/posts\/10128\/revisions"}],"wp:featuredmedia":[{"embeddable":true,"href":"https:\/\/informacionlocal.es\/it\/wp-json\/wp\/v2\/media\/10130"}],"wp:attachment":[{"href":"https:\/\/informacionlocal.es\/it\/wp-json\/wp\/v2\/media?parent=10128"}],"wp:term":[{"taxonomy":"category","embeddable":true,"href":"https:\/\/informacionlocal.es\/it\/wp-json\/wp\/v2\/categories?post=10128"},{"taxonomy":"post_tag","embeddable":true,"href":"https:\/\/informacionlocal.es\/it\/wp-json\/wp\/v2\/tags?post=10128"}],"curies":[{"name":"wp","href":"https:\/\/api.w.org\/{rel}","templated":true}]}}