{"id":10062,"date":"2025-09-01T18:02:31","date_gmt":"2025-09-01T17:02:31","guid":{"rendered":"https:\/\/informacionlocal.es\/cecilia-dominguez-luis-y-ricardo-hernandez-bravo-inauguran-una-nueva-edicion-de-puerto-es-poesia\/"},"modified":"2025-09-01T18:02:31","modified_gmt":"2025-09-01T17:02:31","slug":"cecilia-dominguez-luis-y-ricardo-hernandez-bravo-inauguran-una-nueva-edicion-de-puerto-es-poesia","status":"publish","type":"post","link":"https:\/\/informacionlocal.es\/it\/cecilia-dominguez-luis-y-ricardo-hernandez-bravo-inauguran-una-nueva-edicion-de-puerto-es-poesia\/","title":{"rendered":"Cecilia Dom\u00ednguez Luis y Ricardo Hern\u00e1ndez Bravo inauguran una nueva edici\u00f3n de \u2019Puerto es Poes\u00eda\u2019"},"content":{"rendered":"<div class=\"entry-content\">\n<ul>\n<li><span><strong>El recital tendr\u00e1 lugar el 2 de septiembre, a partir de las 20.00 horas, en la Casa de la Cultura.<\/strong><strong>\u00a0<\/strong><\/span><\/li>\n<\/ul>\n<p><span><strong>En Puerto del Rosario, a 1 de septiembre de 2025.-<\/strong> \u2018Puerto es poes\u00eda\u2019 cumple diez a\u00f1os y lo celebra con un recital el pr\u00f3ximo martes, 2 de septiembre, a partir de las 20.00 horas, en la Casa de la Cultura de Puerto del Rosario. La Premio Canarias de Literatura, Cecilia Dom\u00ednguez Luis, y el palmero Ricardo Hern\u00e1ndez Bravo recitar\u00e1n acompa\u00f1ados al saxo por Sergio Garc\u00eda.<\/span><\/p>\n<p><span>Bajo el marco del festival \u2018A contracultura\u2019, regresa una nueva edici\u00f3n de \u2018Puerto es poes\u00eda\u2019, un espect\u00e1culo po\u00e9tico musical organizado por el Ayuntamiento de Puerto del Rosario.<\/span><\/p>\n<p><span><img loading=\"lazy\" decoding=\"async\" loading=\"lazy\" class=\"size-large wp-image-156866 aligncenter\" src=\"https:\/\/informacionlocal.es\/wp-content\/uploads\/2025\/09\/a-contracultura-2-sept-576x1024-1.jpeg\" width=\"576\" height=\"1024\" title=\"a-contracultura-2-sept-576x1024-1\"><\/span><\/p>\n<p><span>El primero de los recitales, programado para el martes 2 de septiembre, contar\u00e1 con Cecilia Dom\u00ednguez Luis, una de las poetas m\u00e1s destacadas de la literatura canaria, y con Ricardo Hern\u00e1ndez Bravo, autor de varios poemarios, entre los que destaca \u2018Vivir sobre el volc\u00e1n\u2019, escrito tras la erupci\u00f3n del volc\u00e1n de La Palma en 2021.<\/span><\/p>\n<p><span>\u2018Puerto es Poes\u00eda\u2019 cumple este a\u00f1o su d\u00e9cima edici\u00f3n, convirti\u00e9ndose as\u00ed en uno de los festivales de poes\u00eda m\u00e1s antiguos de Canarias. A lo largo de estos a\u00f1os, ha acogido a decenas de poetas del archipi\u00e9lago y del resto del territorio nacional.<\/span><\/p>\n<p><span>Elsa L\u00f3pez, Cecilia Dom\u00ednguez Luis, Bruno Mesa, Pedro Flores, Domingo Fuentes o Tina Su\u00e1rez, junto a poetas de la Pen\u00ednsula como la Premio Nacional de Poes\u00eda Olvido Garc\u00eda Vald\u00e9s, Mar\u00eda Ovelar, Aurora Luque o Carlos Pardo son s\u00f3lo algunos de los autores que han participado a lo largo de estos a\u00f1os en este encuentro con la poes\u00eda y la m\u00fasica.<\/span><\/p>\n<p><img loading=\"lazy\" decoding=\"async\" loading=\"lazy\" class=\"size-large wp-image-156865 aligncenter\" src=\"https:\/\/informacionlocal.es\/wp-content\/uploads\/2025\/09\/a-contracultura-1024x518-1.png\" width=\"1024\" height=\"518\" title=\"a-contracultura-1024x518-1\"><\/p>\n<\/div>\n","protected":false},"excerpt":{"rendered":"<p>El recital tendr\u00e1 lugar el 2 de septiembre, a partir de las 20.00 horas, en la Casa de la Cultura.\u00a0 En Puerto del Rosario, a 1 de septiembre de 2025.- [&hellip;]<\/p>\n","protected":false},"author":1,"featured_media":10064,"comment_status":"open","ping_status":"open","sticky":false,"template":"","format":"standard","meta":{"inline_featured_image":false,"jnews-multi-image_gallery":[],"jnews_single_post":[],"jnews_primary_category":[],"jnews_social_meta":[],"jnews_override_counter":[],"jnews_post_split":[],"footnotes":""},"categories":[61],"tags":[],"class_list":["post-10062","post","type-post","status-publish","format-standard","has-post-thumbnail","hentry","category-puerto-del-rosario"],"jetpack_featured_media_url":"https:\/\/informacionlocal.es\/wp-content\/uploads\/2025\/09\/a-contracultura-1.png","_links":{"self":[{"href":"https:\/\/informacionlocal.es\/it\/wp-json\/wp\/v2\/posts\/10062","targetHints":{"allow":["GET"]}}],"collection":[{"href":"https:\/\/informacionlocal.es\/it\/wp-json\/wp\/v2\/posts"}],"about":[{"href":"https:\/\/informacionlocal.es\/it\/wp-json\/wp\/v2\/types\/post"}],"author":[{"embeddable":true,"href":"https:\/\/informacionlocal.es\/it\/wp-json\/wp\/v2\/users\/1"}],"replies":[{"embeddable":true,"href":"https:\/\/informacionlocal.es\/it\/wp-json\/wp\/v2\/comments?post=10062"}],"version-history":[{"count":0,"href":"https:\/\/informacionlocal.es\/it\/wp-json\/wp\/v2\/posts\/10062\/revisions"}],"wp:featuredmedia":[{"embeddable":true,"href":"https:\/\/informacionlocal.es\/it\/wp-json\/wp\/v2\/media\/10064"}],"wp:attachment":[{"href":"https:\/\/informacionlocal.es\/it\/wp-json\/wp\/v2\/media?parent=10062"}],"wp:term":[{"taxonomy":"category","embeddable":true,"href":"https:\/\/informacionlocal.es\/it\/wp-json\/wp\/v2\/categories?post=10062"},{"taxonomy":"post_tag","embeddable":true,"href":"https:\/\/informacionlocal.es\/it\/wp-json\/wp\/v2\/tags?post=10062"}],"curies":[{"name":"wp","href":"https:\/\/api.w.org\/{rel}","templated":true}]}}