{"id":10028,"date":"2025-09-01T11:58:54","date_gmt":"2025-09-01T10:58:54","guid":{"rendered":"https:\/\/informacionlocal.es\/el-cabildo-amplia-la-valla-protectora-en-la-avenida-del-atlantico-de-morro-jable\/"},"modified":"2025-09-01T11:58:54","modified_gmt":"2025-09-01T10:58:54","slug":"el-cabildo-amplia-la-valla-protectora-en-la-avenida-del-atlantico-de-morro-jable","status":"publish","type":"post","link":"https:\/\/informacionlocal.es\/it\/el-cabildo-amplia-la-valla-protectora-en-la-avenida-del-atlantico-de-morro-jable\/","title":{"rendered":"El Cabildo ampl\u00eda la valla protectora en la Avenida del Atl\u00e1ntico de Morro Jable"},"content":{"rendered":"<div class=\"entry-content\"><strong>1 septiembre, 2025<\/strong><\/p>\n<p><em><strong>Se refuerza as\u00ed la seguridad de una v\u00eda principal para la movilidad en la zona<\/strong><\/em><\/p>\n<p>El Cabildo de Fuerteventura ha ampliado la valla protectora en el tramo de la carretera FV-2 en la Avenida del Atl\u00e1ntico (Morro Jable), con el objetivo de reforzar la seguridad de la v\u00eda.<\/p>\n<p>La presidenta del Cabildo de Fuerteventura, Lola Garc\u00eda, recalca la importancia de los trabajos que se realizan para mantener en \u00f3ptimas condiciones la red insular de carreteras, con acciones continuadas de mejora y conservaci\u00f3n. Con esta actuaci\u00f3n se responde a una solicitud que la concejala de Educaci\u00f3n del Ayuntamiento de P\u00e1jara, \u00c1ngeles Acosta, realiz\u00f3 a la presidenta insular, para mejorar las condiciones de una v\u00eda que pasa por el CEIP Morro Jable I.<\/p>\n<p>De esta manera, se aumenta la seguridad de la comunidad escolar, respondiendo, a su vez, a una petici\u00f3n de la direcci\u00f3n y AMPA del centro educativo.<\/p>\n<p>Los trabajos fueron realizados por el \u00e1rea de Carreteras, que dirige Blas Acosta, ampli\u00e1ndose la valla hasta el Campo de F\u00fatbol de Morro Jable, permitiendo mejorar las condiciones de seguridad de una importante v\u00eda para la movilidad en la localidad de Morro Jable, incrementando la seguridad en la zona.\u00a0\u00a0<\/p>\n<\/div>\n","protected":false},"excerpt":{"rendered":"<p>1 septiembre, 2025 Se refuerza as\u00ed la seguridad de una v\u00eda principal para la movilidad en la zona El Cabildo de Fuerteventura ha ampliado la valla protectora en el tramo [&hellip;]<\/p>\n","protected":false},"author":1,"featured_media":10030,"comment_status":"open","ping_status":"open","sticky":false,"template":"","format":"standard","meta":{"inline_featured_image":false,"jnews-multi-image_gallery":[],"jnews_single_post":[],"jnews_primary_category":[],"jnews_social_meta":[],"jnews_override_counter":[],"jnews_post_split":[],"footnotes":""},"categories":[58],"tags":[73,82],"class_list":["post-10028","post","type-post","status-publish","format-standard","has-post-thumbnail","hentry","category-cabildo","tag-educacion","tag-fuerteventura"],"jetpack_featured_media_url":"https:\/\/informacionlocal.es\/wp-content\/uploads\/2025\/09\/carretera-fv-2-morro-jable-2.jpeg","_links":{"self":[{"href":"https:\/\/informacionlocal.es\/it\/wp-json\/wp\/v2\/posts\/10028","targetHints":{"allow":["GET"]}}],"collection":[{"href":"https:\/\/informacionlocal.es\/it\/wp-json\/wp\/v2\/posts"}],"about":[{"href":"https:\/\/informacionlocal.es\/it\/wp-json\/wp\/v2\/types\/post"}],"author":[{"embeddable":true,"href":"https:\/\/informacionlocal.es\/it\/wp-json\/wp\/v2\/users\/1"}],"replies":[{"embeddable":true,"href":"https:\/\/informacionlocal.es\/it\/wp-json\/wp\/v2\/comments?post=10028"}],"version-history":[{"count":0,"href":"https:\/\/informacionlocal.es\/it\/wp-json\/wp\/v2\/posts\/10028\/revisions"}],"wp:featuredmedia":[{"embeddable":true,"href":"https:\/\/informacionlocal.es\/it\/wp-json\/wp\/v2\/media\/10030"}],"wp:attachment":[{"href":"https:\/\/informacionlocal.es\/it\/wp-json\/wp\/v2\/media?parent=10028"}],"wp:term":[{"taxonomy":"category","embeddable":true,"href":"https:\/\/informacionlocal.es\/it\/wp-json\/wp\/v2\/categories?post=10028"},{"taxonomy":"post_tag","embeddable":true,"href":"https:\/\/informacionlocal.es\/it\/wp-json\/wp\/v2\/tags?post=10028"}],"curies":[{"name":"wp","href":"https:\/\/api.w.org\/{rel}","templated":true}]}}