{"id":10022,"date":"2025-08-31T15:58:28","date_gmt":"2025-08-31T14:58:28","guid":{"rendered":"https:\/\/informacionlocal.es\/las-fiestas-de-antigua-invitan-a-sus-vecinos-y-vecinas-cada-ano-a-compartir-mesa-en-la-comida-de-hermandad\/"},"modified":"2025-08-31T15:58:28","modified_gmt":"2025-08-31T14:58:28","slug":"las-fiestas-de-antigua-invitan-a-sus-vecinos-y-vecinas-cada-ano-a-compartir-mesa-en-la-comida-de-hermandad","status":"publish","type":"post","link":"https:\/\/informacionlocal.es\/it\/las-fiestas-de-antigua-invitan-a-sus-vecinos-y-vecinas-cada-ano-a-compartir-mesa-en-la-comida-de-hermandad\/","title":{"rendered":"Las Fiestas de Antigua invitan a sus vecinos y vecinas cada a\u00f1o a compartir mesa en la Comida de Hermandad"},"content":{"rendered":"<div class=\"elementor-widget-container\">\n<p><strong>Las Fiestas de Antigua invitan a sus vecinos y vecinas cada a\u00f1o a compartir mesa en la Comida de Hermandad<\/strong><\/p>\n<p><strong>\u2022 M\u00e1s de 600 vecinos y vecinas disfrutan en la Comida de Hermandad en la carpa de las Fiestas en Honor a Nuestra Se\u00f1ora de La Antigua. <\/strong><br \/><strong>\u2022 Este lunes 1 de septiembre, las Fiestas de Antigua contin\u00faan destacando la Scala Hifi Infantil a las 19:00 horas.<\/strong><\/p>\n<p>Paella, carne cabra, papas con mojo y croquetas, entre los platos para todos y para todos gratis sin m\u00e1s cobro de entrada a la Comida de Hermandad que disfrutar de la compa\u00f1\u00eda de su vecino y vecina, se\u00f1ala el concejal de Festejos, Pedro Armas.<\/p>\n<p>El alcalde, Mat\u00edas Pe\u00f1a Garc\u00eda, dio la bienvenida a los m\u00e1s de 600 vecinos y vecinas asistentes a la Comida de Hermandad que tradicionalmente se celebra en las Fiestas en Honor a Nuestra Se\u00f1ora de Antigua, agradeciendo a la Concejal\u00eda de Festejos la coordinaci\u00f3n y pidiendo un aplauso a todas las personas implicadas en la organizaci\u00f3n de una cita tan importante por mostrar el encuentro y la uni\u00f3n de un pueblo.<\/p>\n<p>Mat\u00edas Pe\u00f1a aprovech\u00f3 para reiterar su agradecimiento a la Comisi\u00f3n de Fiestas de Antigua part\u00edcipe en la programaci\u00f3n festiva e imprescindible, siempre en unas Fiestas patronales.<\/p>\n<p>En la Comida de Hermandad no faltaron las actuaciones musicales, debutando el joven vecino de Antigua, Juan Jose\u00e9, que precedi\u00f3 a la Orquesta Melodi y la banda Mejor con Copas.<\/p>\n<p>La Fiesta de Antigua contin\u00faa este lunes 1 de septiembre, comenzando los repiques de campanas y saludo ma\u00f1anero, recordando las actividades infantiles, los juegos en la plaza y centro de mayores, destacando en este primer d\u00eda de semana y de mes, la Scala Hifi Infantil.<\/p>\n<\/div>\n","protected":false},"excerpt":{"rendered":"<p><strong>Las Fiestas de Antigua invitan a sus vecinos y vecinas cada a\u00f1o a compartir mesa en la Comida de Hermandad<\/strong><\/p>\n","protected":false},"author":1,"featured_media":10024,"comment_status":"open","ping_status":"open","sticky":false,"template":"","format":"standard","meta":{"inline_featured_image":false,"jnews-multi-image_gallery":[],"jnews_single_post":[],"jnews_primary_category":[],"jnews_social_meta":[],"jnews_override_counter":[],"jnews_post_split":[],"footnotes":""},"categories":[59],"tags":[],"class_list":["post-10022","post","type-post","status-publish","format-standard","has-post-thumbnail","hentry","category-antigua"],"jetpack_featured_media_url":"https:\/\/informacionlocal.es\/wp-content\/uploads\/2025\/08\/01-mas-de-600-vecinos-y-vecinas-de-antigua-disfrutan-en-la-comida-de-hermandad-4-scaled-1.jpg","_links":{"self":[{"href":"https:\/\/informacionlocal.es\/it\/wp-json\/wp\/v2\/posts\/10022","targetHints":{"allow":["GET"]}}],"collection":[{"href":"https:\/\/informacionlocal.es\/it\/wp-json\/wp\/v2\/posts"}],"about":[{"href":"https:\/\/informacionlocal.es\/it\/wp-json\/wp\/v2\/types\/post"}],"author":[{"embeddable":true,"href":"https:\/\/informacionlocal.es\/it\/wp-json\/wp\/v2\/users\/1"}],"replies":[{"embeddable":true,"href":"https:\/\/informacionlocal.es\/it\/wp-json\/wp\/v2\/comments?post=10022"}],"version-history":[{"count":0,"href":"https:\/\/informacionlocal.es\/it\/wp-json\/wp\/v2\/posts\/10022\/revisions"}],"wp:featuredmedia":[{"embeddable":true,"href":"https:\/\/informacionlocal.es\/it\/wp-json\/wp\/v2\/media\/10024"}],"wp:attachment":[{"href":"https:\/\/informacionlocal.es\/it\/wp-json\/wp\/v2\/media?parent=10022"}],"wp:term":[{"taxonomy":"category","embeddable":true,"href":"https:\/\/informacionlocal.es\/it\/wp-json\/wp\/v2\/categories?post=10022"},{"taxonomy":"post_tag","embeddable":true,"href":"https:\/\/informacionlocal.es\/it\/wp-json\/wp\/v2\/tags?post=10022"}],"curies":[{"name":"wp","href":"https:\/\/api.w.org\/{rel}","templated":true}]}}