{"id":9928,"date":"2025-08-28T21:00:45","date_gmt":"2025-08-28T20:00:45","guid":{"rendered":"https:\/\/informacionlocal.es\/antigua-refuerza-el-equipo-de-proteccion-civil-con-un-nuevo-vehiculo\/"},"modified":"2025-08-28T21:00:45","modified_gmt":"2025-08-28T20:00:45","slug":"antigua-refuerza-el-equipo-de-proteccion-civil-con-un-nuevo-vehiculo","status":"publish","type":"post","link":"https:\/\/informacionlocal.es\/en\/antigua-refuerza-el-equipo-de-proteccion-civil-con-un-nuevo-vehiculo\/","title":{"rendered":"Antigua refuerza el equipo de Protecci\u00f3n Civil con un nuevo veh\u00edculo"},"content":{"rendered":"<div class=\"elementor-widget-container\">\n<p><strong>Antigua refuerza el equipo de Protecci\u00f3n Civil con un nuevo veh\u00edculo<\/strong><\/p>\n<p><strong>\u2022 El Ayuntamiento de Antigua pone a disposici\u00f3n del equipo de Protecci\u00f3n Civil un nuevo veh\u00edculo completamente rotulada, equipado y con la sirena y luces de emergencia incorporadas.<\/strong><\/p>\n<p><strong>\u2022 El veh\u00edculo es amplio, c\u00f3modo, con un motor resistente y fortaleza para recorrer caminos y pistas.<\/strong><\/p>\n<p>Tras finalizar su puesta a punto, completa rotulaci\u00f3n y equipaci\u00f3n, este amplio, resistente y c\u00f3modo veh\u00edculo pasa a formar parte del cuerpo de Protecci\u00f3n Civil de Antigua, explica el concejal de Seguridad y Emergencias, Fernando Estupi\u00f1\u00e1n, un cuerpo de prevenci\u00f3n y primera actuaci\u00f3n en cualquier incidencia, accidente o percance que pueda ocasionarse en un evento p\u00fablico.<\/p>\n<p>Protecci\u00f3n Civil de Antigua es un cuerpo de voluntarios y voluntarias formados en primeras emergencias, en seguridad preventiva y cuya labor en cada acto que organizamos es necesaria y siempre requerida, afirma el alcalde, Mat\u00edas Pe\u00f1a.<\/p>\n<p>Aumentar el n\u00famero de voluntarios y voluntarias, as\u00ed como mejorar el equipo de Protecci\u00f3n Civil de Antigua es una prioridad, y concluye el alcalde, agradeciendo su presencia en cada evento, como ahora en los festejos patronales, siempre en coordinaci\u00f3n con la Polic\u00eda Local.<\/p>\n<\/div>\n","protected":false},"excerpt":{"rendered":"<p><strong>Antigua refuerza el equipo de Protecci\u00f3n Civil con un nuevo veh\u00edculo<\/strong><\/p>\n","protected":false},"author":1,"featured_media":9930,"comment_status":"open","ping_status":"open","sticky":false,"template":"","format":"standard","meta":{"inline_featured_image":false,"jnews-multi-image_gallery":[],"jnews_single_post":[],"jnews_primary_category":[],"jnews_social_meta":[],"jnews_override_counter":[],"jnews_post_split":[],"footnotes":""},"categories":[59],"tags":[],"class_list":["post-9928","post","type-post","status-publish","format-standard","has-post-thumbnail","hentry","category-antigua"],"jetpack_featured_media_url":"https:\/\/informacionlocal.es\/wp-content\/uploads\/2025\/08\/antigua-refuerza-el-cuerpo-de-proteccion-civil-con-un-nuevo-vehiculo-2-scaled-1.jpg","_links":{"self":[{"href":"https:\/\/informacionlocal.es\/en\/wp-json\/wp\/v2\/posts\/9928","targetHints":{"allow":["GET"]}}],"collection":[{"href":"https:\/\/informacionlocal.es\/en\/wp-json\/wp\/v2\/posts"}],"about":[{"href":"https:\/\/informacionlocal.es\/en\/wp-json\/wp\/v2\/types\/post"}],"author":[{"embeddable":true,"href":"https:\/\/informacionlocal.es\/en\/wp-json\/wp\/v2\/users\/1"}],"replies":[{"embeddable":true,"href":"https:\/\/informacionlocal.es\/en\/wp-json\/wp\/v2\/comments?post=9928"}],"version-history":[{"count":0,"href":"https:\/\/informacionlocal.es\/en\/wp-json\/wp\/v2\/posts\/9928\/revisions"}],"wp:featuredmedia":[{"embeddable":true,"href":"https:\/\/informacionlocal.es\/en\/wp-json\/wp\/v2\/media\/9930"}],"wp:attachment":[{"href":"https:\/\/informacionlocal.es\/en\/wp-json\/wp\/v2\/media?parent=9928"}],"wp:term":[{"taxonomy":"category","embeddable":true,"href":"https:\/\/informacionlocal.es\/en\/wp-json\/wp\/v2\/categories?post=9928"},{"taxonomy":"post_tag","embeddable":true,"href":"https:\/\/informacionlocal.es\/en\/wp-json\/wp\/v2\/tags?post=9928"}],"curies":[{"name":"wp","href":"https:\/\/api.w.org\/{rel}","templated":true}]}}