{"id":9916,"date":"2025-08-28T18:58:33","date_gmt":"2025-08-28T17:58:33","guid":{"rendered":"https:\/\/informacionlocal.es\/el-cabildo-de-fuerteventura-presenta-la-primera-edicion-de-agrofuer-una-feria-para-acercar-el-producto-local-majorero-e-impulsar-la-economia-de-la-isla\/"},"modified":"2025-08-28T18:58:33","modified_gmt":"2025-08-28T17:58:33","slug":"el-cabildo-de-fuerteventura-presenta-la-primera-edicion-de-agrofuer-una-feria-para-acercar-el-producto-local-majorero-e-impulsar-la-economia-de-la-isla","status":"publish","type":"post","link":"https:\/\/informacionlocal.es\/en\/el-cabildo-de-fuerteventura-presenta-la-primera-edicion-de-agrofuer-una-feria-para-acercar-el-producto-local-majorero-e-impulsar-la-economia-de-la-isla\/","title":{"rendered":"El Cabildo de Fuerteventura presenta la primera edici\u00f3n de AgroFuer, una feria para acercar el producto local majorero e impulsar la econom\u00eda de la isla"},"content":{"rendered":"<div class=\"entry-content\"><strong>28 agosto, 2025<\/strong><\/p>\n<p><strong><em>La feria de AgroFuer se celebrar\u00e1 los d\u00edas 5 y 6 de septiembre en<br \/>\nTuineje<\/em><\/strong><\/p>\n<p>El Cabildo de Fuerteventura ha presentado la primera edici\u00f3n de<br \/>\nAgrofuer, una din\u00e1mica, enmarcada dentro del programa \u2018Fuerte por Naturaleza\u2019,<br \/>\nimpulsado por la Consejer\u00eda de Turismo y financiado por los fondos europeos<br \/>\nNext Generation EU, que pretende promover la econom\u00eda de las zonas rurales y<br \/>\nfomentar el consumo de productos kil\u00f3metro cero.\u00a0<\/p>\n<p>Ser\u00e1n dos d\u00edas, 5 y 6 de septiembre, llenos de gastronom\u00eda, m\u00fasica<br \/>\ny una variada oferta cultural para que locales y turistas puedan disfrutar de<br \/>\nlas singularidades de Fuerteventura de la mano de los mejores expertos en el<br \/>\nsector. Adem\u00e1s, el evento contar\u00e1 con la celebraci\u00f3n de dos talleres de<br \/>\nartesan\u00eda tradicional, que ser\u00e1n impartidos por artesanos majoreros.<\/p>\n<p>La presidenta del Cabildo de Fuerteventura, Lola Garc\u00eda, subray\u00f3<br \/>\nque \u201cAgroFuer representa mucho m\u00e1s que una feria es, sobre todo, un espacio<br \/>\ndonde se unen el producto kil\u00f3metro cero, la artesan\u00eda y la cultura majorera\u201d.<br \/>\n\u201cDurante esas jornadas, Tuineje ser\u00e1 un punto de encuentro para demostrar que<br \/>\nFuerteventura es mucho m\u00e1s que sol y playa. Es campo, es historia, es cultura<br \/>\nviva\u201d, a\u00f1adi\u00f3 la presidenta.<\/p>\n<p>La consejera de Turismo, Marlene Figueroa, ha se\u00f1alado que \u201cel<br \/>\nturismo busca, cada vez m\u00e1s, un destino de mayor calidad. Esa calidad debe<br \/>\ntransmitirse a trav\u00e9s del producto local, la gastronom\u00eda y nuestra cultura\u201d.<\/p>\n<p>Por su parte la alcaldesa de Tuineje, Candelaria Umpi\u00e9rrez,<br \/>\nagradece que se haya elegido el municipio de Tuineje para la celebraci\u00f3n de la<br \/>\nprimera edici\u00f3n de AgroFuer e invita a todo el p\u00fablico para que participe en<br \/>\nella.<\/p>\n<p>El presidente de la C\u00e1mara de Comercio de Fuerteventura, Juan<br \/>\nJes\u00fas Rodr\u00edguez, destaca que \u201cesta feria es importante para la C\u00e1mara de<br \/>\nComercio porque el sector tur\u00edstico es el promotor de la econom\u00eda de la isla,<br \/>\npero tambi\u00e9n tiene que ser el elemento tractor de otros sectores para<br \/>\ndinamizarlos\u201d.<\/p>\n<p>Este proyecto dinamizador lo realizan el Cabildo de Fuerteventura<br \/>\ny la C\u00e1mara de Comercio de la isla, que el pasado 6 de agosto firmaban un<br \/>\nconvenio bajo la m\u00e1xima de vincular el crecimiento del sector tur\u00edstico con el<br \/>\ndesarrollo de las comunidades rurales.<\/p>\n<\/div>\n","protected":false},"excerpt":{"rendered":"<p>28 agosto, 2025 La feria de AgroFuer se celebrar\u00e1 los d\u00edas 5 y 6 de septiembre en Tuineje El Cabildo de Fuerteventura ha presentado la primera edici\u00f3n de Agrofuer, una [&hellip;]<\/p>\n","protected":false},"author":1,"featured_media":9918,"comment_status":"open","ping_status":"open","sticky":false,"template":"","format":"standard","meta":{"inline_featured_image":false,"jnews-multi-image_gallery":[],"jnews_single_post":[],"jnews_primary_category":[],"jnews_social_meta":[],"jnews_override_counter":[],"jnews_post_split":[],"footnotes":""},"categories":[58],"tags":[82],"class_list":["post-9916","post","type-post","status-publish","format-standard","has-post-thumbnail","hentry","category-cabildo","tag-fuerteventura"],"jetpack_featured_media_url":"https:\/\/informacionlocal.es\/wp-content\/uploads\/2025\/08\/1756381989-948dc541b99f92335e52b3c7688e8f47.jpg","_links":{"self":[{"href":"https:\/\/informacionlocal.es\/en\/wp-json\/wp\/v2\/posts\/9916","targetHints":{"allow":["GET"]}}],"collection":[{"href":"https:\/\/informacionlocal.es\/en\/wp-json\/wp\/v2\/posts"}],"about":[{"href":"https:\/\/informacionlocal.es\/en\/wp-json\/wp\/v2\/types\/post"}],"author":[{"embeddable":true,"href":"https:\/\/informacionlocal.es\/en\/wp-json\/wp\/v2\/users\/1"}],"replies":[{"embeddable":true,"href":"https:\/\/informacionlocal.es\/en\/wp-json\/wp\/v2\/comments?post=9916"}],"version-history":[{"count":0,"href":"https:\/\/informacionlocal.es\/en\/wp-json\/wp\/v2\/posts\/9916\/revisions"}],"wp:featuredmedia":[{"embeddable":true,"href":"https:\/\/informacionlocal.es\/en\/wp-json\/wp\/v2\/media\/9918"}],"wp:attachment":[{"href":"https:\/\/informacionlocal.es\/en\/wp-json\/wp\/v2\/media?parent=9916"}],"wp:term":[{"taxonomy":"category","embeddable":true,"href":"https:\/\/informacionlocal.es\/en\/wp-json\/wp\/v2\/categories?post=9916"},{"taxonomy":"post_tag","embeddable":true,"href":"https:\/\/informacionlocal.es\/en\/wp-json\/wp\/v2\/tags?post=9916"}],"curies":[{"name":"wp","href":"https:\/\/api.w.org\/{rel}","templated":true}]}}