{"id":9904,"date":"2025-08-28T16:58:22","date_gmt":"2025-08-28T15:58:22","guid":{"rendered":"https:\/\/informacionlocal.es\/el-cabildo-de-fuerteventura-pone-en-marcha-los-primeros-cinco-puntos-de-recarga-publica-para-vehiculos-electricos-dentro-del-proyecto-de-instalacion-de-15-cargadores-de-22-kw\/"},"modified":"2025-08-28T16:58:22","modified_gmt":"2025-08-28T15:58:22","slug":"el-cabildo-de-fuerteventura-pone-en-marcha-los-primeros-cinco-puntos-de-recarga-publica-para-vehiculos-electricos-dentro-del-proyecto-de-instalacion-de-15-cargadores-de-22-kw","status":"publish","type":"post","link":"https:\/\/informacionlocal.es\/en\/el-cabildo-de-fuerteventura-pone-en-marcha-los-primeros-cinco-puntos-de-recarga-publica-para-vehiculos-electricos-dentro-del-proyecto-de-instalacion-de-15-cargadores-de-22-kw\/","title":{"rendered":"\ufeffEl Cabildo de Fuerteventura pone en marcha los primeros cinco puntos de recarga p\u00fablica para veh\u00edculos el\u00e9ctricos, dentro del proyecto de instalaci\u00f3n de 15 cargadores de 22 kW"},"content":{"rendered":"<div class=\"entry-content\"><strong>28 agosto, 2025<\/strong><\/p>\n<p><strong> Jueves, 28 de agosto de 2025.- <\/strong><\/p>\n<p>El Cabildo de Fuerteventura, a trav\u00e9s de la<br \/>\nConsejer\u00eda de Industria que dirige Lolina Negr\u00edn P\u00e9rez, informa de la entrada<br \/>\nen funcionamiento de los primeros cinco puntos de recarga p\u00fablica para<br \/>\nveh\u00edculos el\u00e9ctricos, dentro del proyecto de instalaci\u00f3n de 15 cargadores de 22<br \/>\nkW en distintos municipios de la isla, financiados con fondos europeos Next<br \/>\nGeneration EU.<\/p>\n<p>Este proyecto, adjudicado a Repsol Comercializadora de Productos Petrol\u00edferos S.A., por un importe de 213.570,17 \u20ac, supone un paso decisivo hacia la movilidad sostenible en Fuerteventura, ofreciendo a residentes y visitantes infraestructuras que facilitan la transici\u00f3n hacia el transporte el\u00e9ctrico.<\/p>\n<p>La presidenta insular, Lola Garc\u00eda, se\u00f1al\u00f3 que la instalaci\u00f3n de estos puntos de recarga p\u00fablica \u201csupone un avance significativo para la movilidad sostenible en la isla, facilitando que tanto residentes como visitantes puedan optar por el transporte el\u00e9ctrico de manera pr\u00e1ctica y segura\u201d. <\/p>\n<p>Por su parte, la consejera de Industria,<br \/>\nLolina Negr\u00edn, subray\u00f3 que este proyecto refuerza la apuesta por la transici\u00f3n<br \/>\nenerg\u00e9tica en Fuerteventura, modernizando la infraestructura de recarga y<br \/>\ncontribuyendo a reducir la huella de carbono y a fomentar un modelo de<br \/>\nmovilidad m\u00e1s limpio y eficiente.<\/p>\n<p>Actualmente, ya se encuentran en servicio los<br \/>\nsiguientes puntos:<\/p>\n<p><strong>Puerto del Rosario<\/strong>: C\/ Doctor Fleming 6, 35600.<\/p>\n<p><strong>P\u00e1jara:<\/strong> C\/ Nuestra<br \/>\nSe\u00f1ora de la Regla 5, 35628.<\/p>\n<p><strong>La Oliva:<\/strong><\/p>\n<p>o C\/ Juan Cabrera M\u00e9ndez 1, 35640, La Oliva.<\/p>\n<p>o C\/ La Cancela 1, 35650, Lajares.<\/p>\n<p>o C\/ Arena (La) 1, Apartamento, 35660,<br \/>\nCorralejo.<\/p>\n<p>Cada cargador permite la recarga simult\u00e1nea de<br \/>\ndos veh\u00edculos, ofreciendo as\u00ed un servicio \u00e1gil y adaptado a la creciente<br \/>\ndemanda.<\/p>\n<p>\nEl resto de puntos, hasta completar los 15 previstos, se encuentran en fase<br \/>\navanzada de tramitaci\u00f3n administrativa y de conexi\u00f3n el\u00e9ctrica. En pr\u00f3ximas<br \/>\nfechas se ir\u00e1n incorporando los ubicados en P\u00e1jara, Betancuria y Puerto del<br \/>\nRosario, mientras que en Tuineje y Antigua se registran algunos retrasos en las<br \/>\nlicencias municipales.<\/p>\n<p>\nDesde el Cabildo de Fuerteventura ponemos en valor la importancia de esta<br \/>\ninfraestructura como hito en la descarbonizaci\u00f3n de la movilidad en la isla, al<br \/>\ntiempo que se seguir\u00e1 informando de la puesta en marcha progresiva de los<br \/>\nrestantes puntos de recarga.<\/p>\n<\/div>\n","protected":false},"excerpt":{"rendered":"<p>28 agosto, 2025 Jueves, 28 de agosto de 2025.- El Cabildo de Fuerteventura, a trav\u00e9s de la Consejer\u00eda de Industria que dirige Lolina Negr\u00edn P\u00e9rez, informa de la entrada en [&hellip;]<\/p>\n","protected":false},"author":1,"featured_media":9906,"comment_status":"open","ping_status":"open","sticky":false,"template":"","format":"standard","meta":{"inline_featured_image":false,"jnews-multi-image_gallery":[],"jnews_single_post":[],"jnews_primary_category":[],"jnews_social_meta":[],"jnews_override_counter":[],"jnews_post_split":[],"footnotes":""},"categories":[58],"tags":[82,65],"class_list":["post-9904","post","type-post","status-publish","format-standard","has-post-thumbnail","hentry","category-cabildo","tag-fuerteventura","tag-municipios"],"jetpack_featured_media_url":"https:\/\/informacionlocal.es\/wp-content\/uploads\/2025\/08\/punto-de-recargs.jpeg","_links":{"self":[{"href":"https:\/\/informacionlocal.es\/en\/wp-json\/wp\/v2\/posts\/9904","targetHints":{"allow":["GET"]}}],"collection":[{"href":"https:\/\/informacionlocal.es\/en\/wp-json\/wp\/v2\/posts"}],"about":[{"href":"https:\/\/informacionlocal.es\/en\/wp-json\/wp\/v2\/types\/post"}],"author":[{"embeddable":true,"href":"https:\/\/informacionlocal.es\/en\/wp-json\/wp\/v2\/users\/1"}],"replies":[{"embeddable":true,"href":"https:\/\/informacionlocal.es\/en\/wp-json\/wp\/v2\/comments?post=9904"}],"version-history":[{"count":0,"href":"https:\/\/informacionlocal.es\/en\/wp-json\/wp\/v2\/posts\/9904\/revisions"}],"wp:featuredmedia":[{"embeddable":true,"href":"https:\/\/informacionlocal.es\/en\/wp-json\/wp\/v2\/media\/9906"}],"wp:attachment":[{"href":"https:\/\/informacionlocal.es\/en\/wp-json\/wp\/v2\/media?parent=9904"}],"wp:term":[{"taxonomy":"category","embeddable":true,"href":"https:\/\/informacionlocal.es\/en\/wp-json\/wp\/v2\/categories?post=9904"},{"taxonomy":"post_tag","embeddable":true,"href":"https:\/\/informacionlocal.es\/en\/wp-json\/wp\/v2\/tags?post=9904"}],"curies":[{"name":"wp","href":"https:\/\/api.w.org\/{rel}","templated":true}]}}