{"id":9860,"date":"2025-08-28T08:59:52","date_gmt":"2025-08-28T07:59:52","guid":{"rendered":"https:\/\/informacionlocal.es\/puerto-del-rosario-inicia-la-instalacion-de-las-nuevas-pasarelas-de-playa-blanca\/"},"modified":"2025-08-28T08:59:52","modified_gmt":"2025-08-28T07:59:52","slug":"puerto-del-rosario-inicia-la-instalacion-de-las-nuevas-pasarelas-de-playa-blanca","status":"publish","type":"post","link":"https:\/\/informacionlocal.es\/en\/puerto-del-rosario-inicia-la-instalacion-de-las-nuevas-pasarelas-de-playa-blanca\/","title":{"rendered":"Puerto del Rosario inicia la instalaci\u00f3n de las nuevas pasarelas de Playa Blanca"},"content":{"rendered":"<div class=\"entry-content\">\n<ul>\n<li><strong>Estas infraestructuras de madera reforzada mejorar\u00e1n la accesibilidad y seguridad de los ba\u00f1istas.<\/strong><strong>\u00a0<\/strong><\/li>\n<\/ul>\n<p><strong>En Puerto del Rosario, a 28 de agosto de 2025.-<\/strong> El Ayuntamiento de Puerto del Rosario ha comenzado la instalaci\u00f3n de las nuevas pasarelas en Playa Blanca con el objetivo de renovar y mejorar los accesos a la playa.<\/p>\n<p>Se trata de un total de 80 metros lineales de pasarelas fabricadas, en madera de pino tratada y reforzada, por la empresa Polanco Madera de Exterior. Cada m\u00f3dulo, de 2,40 x 1,80 metros, ha sido dise\u00f1ado para garantizar una mayor durabilidad y comodidad en el tr\u00e1nsito de los usuarios, sustituyendo a las antiguas pasarelas deterioradas por el uso y el paso del tiempo.<\/p>\n<p>El alcalde de Puerto del Rosario, David de Vera, destac\u00f3 que \u201ccon esta actuaci\u00f3n seguimos mejorando nuestras playas, atendiendo a una demanda ciudadana y garantizando espacios m\u00e1s c\u00f3modos, seguros y accesibles para todos los vecinos y visitantes. Agradezco el esfuerzo de los trabajadores y trabajadoras municipales en la labor de la mejora de las playas del municipio\u201d.<\/p>\n<p><img loading=\"lazy\" decoding=\"async\" loading=\"lazy\" class=\"size-large wp-image-156845 aligncenter\" src=\"https:\/\/informacionlocal.es\/wp-content\/uploads\/2025\/08\/pasarela-playa-1024x768-1.jpeg\" width=\"1024\" height=\"768\" title=\"pasarela-playa-1024x768-1\"><\/p>\n<p>Por su parte, la concejala de Playas, To\u00f1i Fdez. Arag\u00f3n, se\u00f1al\u00f3 que \u201ciniciamos el proceso de acondicionamiento y mejora de Playa Blanca con estas primeras actuaciones de accesibilidad con los 80 metros de pasarela, renovando y ampliando la zona de ducha para mayor comodidad de los usuarios. De esta forma atendemos a la accesibilidad universal que iniciamos con la renovaci\u00f3n de las pasarelas y continuaremos con otras actuaciones para poner en valor de uno de los principales enclaves tur\u00edsticos del municipio\u201d.<\/p>\n<p>El Ayuntamiento recuerda que estas actuaciones de mejora de los servicios y equipamientos de las playas del municipio, tienen como objetivo ofrecer entornos costeros de calidad, adaptados a las necesidades de todos los usuarios.<\/p>\n<p>\u00a0<\/p>\n<\/div>\n","protected":false},"excerpt":{"rendered":"<p>Estas infraestructuras de madera reforzada mejorar\u00e1n la accesibilidad y seguridad de los ba\u00f1istas.\u00a0 En Puerto del Rosario, a 28 de agosto de 2025.- El Ayuntamiento de Puerto del Rosario ha [&hellip;]<\/p>\n","protected":false},"author":1,"featured_media":9862,"comment_status":"open","ping_status":"open","sticky":false,"template":"","format":"standard","meta":{"inline_featured_image":false,"jnews-multi-image_gallery":[],"jnews_single_post":[],"jnews_primary_category":[],"jnews_social_meta":[],"jnews_override_counter":[],"jnews_post_split":[],"footnotes":""},"categories":[61],"tags":[],"class_list":["post-9860","post","type-post","status-publish","format-standard","has-post-thumbnail","hentry","category-puerto-del-rosario"],"jetpack_featured_media_url":"https:\/\/informacionlocal.es\/wp-content\/uploads\/2025\/08\/playa-blanca.png","_links":{"self":[{"href":"https:\/\/informacionlocal.es\/en\/wp-json\/wp\/v2\/posts\/9860","targetHints":{"allow":["GET"]}}],"collection":[{"href":"https:\/\/informacionlocal.es\/en\/wp-json\/wp\/v2\/posts"}],"about":[{"href":"https:\/\/informacionlocal.es\/en\/wp-json\/wp\/v2\/types\/post"}],"author":[{"embeddable":true,"href":"https:\/\/informacionlocal.es\/en\/wp-json\/wp\/v2\/users\/1"}],"replies":[{"embeddable":true,"href":"https:\/\/informacionlocal.es\/en\/wp-json\/wp\/v2\/comments?post=9860"}],"version-history":[{"count":0,"href":"https:\/\/informacionlocal.es\/en\/wp-json\/wp\/v2\/posts\/9860\/revisions"}],"wp:featuredmedia":[{"embeddable":true,"href":"https:\/\/informacionlocal.es\/en\/wp-json\/wp\/v2\/media\/9862"}],"wp:attachment":[{"href":"https:\/\/informacionlocal.es\/en\/wp-json\/wp\/v2\/media?parent=9860"}],"wp:term":[{"taxonomy":"category","embeddable":true,"href":"https:\/\/informacionlocal.es\/en\/wp-json\/wp\/v2\/categories?post=9860"},{"taxonomy":"post_tag","embeddable":true,"href":"https:\/\/informacionlocal.es\/en\/wp-json\/wp\/v2\/tags?post=9860"}],"curies":[{"name":"wp","href":"https:\/\/api.w.org\/{rel}","templated":true}]}}