{"id":9818,"date":"2025-08-26T17:59:51","date_gmt":"2025-08-26T16:59:51","guid":{"rendered":"https:\/\/informacionlocal.es\/servicio-especial-de-transporte-publico-durante-la-semana-de-la-juventud-de-gran-tarajal-2025\/"},"modified":"2025-08-26T17:59:51","modified_gmt":"2025-08-26T16:59:51","slug":"servicio-especial-de-transporte-publico-durante-la-semana-de-la-juventud-de-gran-tarajal-2025","status":"publish","type":"post","link":"https:\/\/informacionlocal.es\/en\/servicio-especial-de-transporte-publico-durante-la-semana-de-la-juventud-de-gran-tarajal-2025\/","title":{"rendered":"Servicio especial de transporte p\u00fablico durante la Semana de la Juventud de Gran Tarajal 2025"},"content":{"rendered":"<div class=\"entry-content\"><strong>26 agosto, 2025<\/strong><\/p>\n<p>Con motivo de la Semana de la Juventud de Gran Tarajal 2025, el Cabildo de Fuerteventura, a trav\u00e9s de la Consejer\u00eda de Transportes que dirige Luis Gonz\u00e1lez y la empresa concesionaria del servicio de transporte regular interurbano, ha planificado un servicio especial de transporte p\u00fablico durante los d\u00edas 28 y 30 de agosto que quedan establecidos de la siguiente manera:<\/p>\n<p>Jueves 28<\/p>\n<p>Bus A: (recorrido de la l\u00ednea 16 \/ Gran Tarajal \u2013 Puerto del Rosario)<\/p>\n<p>Puerto del Rosario \u2013 Gran Tarajal: 18:00h, 20:00h, 23:30h, y 01:30h.<\/p>\n<p>Gran Tarajal \u2013 Puerto del Rosario: 19:00h, 21:00h, 0:30h y 02:30h.<\/p>\n<p>Bus B: (recorrido de la l\u00ednea 01\/ Gran Tarajal \u2013 Morro Jable)<\/p>\n<p>Morro Jable \u2013 Gran Tarajal: 18:00h, 20:00h, 23:30h, y 01:30h.<\/p>\n<p>Gran Tarajal \u2013 Morro Jable: 19:00h, 21:00h, 0:30h y 02:30h.<\/p>\n<p>S\u00e1bado 30<\/p>\n<p>Bus A: recorrido de la l\u00ednea 16 (Puerto del Rosario \u2013 Gran Tarajal)<\/p>\n<p>Puerto del Rosario \u2013 Gran Tarajal: 20:00h, 22:00h, 01:30h y 03:30h.<\/p>\n<p>Gran Tarajal \u2013 Puerto del Rosario: 21:00h, 23:00h, 02:30h y 04:30h.<\/p>\n<p>Bus B: recorrido de la l\u00ednea 01 (Morro Jable \u2013 Gran Tarajal)<\/p>\n<p>Morro Jable \u2013 Gran Tarajal: 20:00h, 22:00h, 01:30h y 03:30h.<\/p>\n<p>Gran Tarajal \u2013 Morro Jable: 21:00h, 23:00h, 02:30h y 04:30h.<\/p>\n<p>La Consejer\u00eda de Transportes recuerda que est\u00e1 permitido el uso del bono transporte. Se proh\u00edbe llevar bebida y comida en las guaguas del Servicio Especial y no se puede hacer uso de los maleteros.<\/p>\n<\/div>\n","protected":false},"excerpt":{"rendered":"<p>26 agosto, 2025 Con motivo de la Semana de la Juventud de Gran Tarajal 2025, el Cabildo de Fuerteventura, a trav\u00e9s de la Consejer\u00eda de Transportes que dirige Luis Gonz\u00e1lez [&hellip;]<\/p>\n","protected":false},"author":1,"featured_media":9820,"comment_status":"open","ping_status":"open","sticky":false,"template":"","format":"standard","meta":{"inline_featured_image":false,"jnews-multi-image_gallery":[],"jnews_single_post":[],"jnews_primary_category":[],"jnews_social_meta":[],"jnews_override_counter":[],"jnews_post_split":[],"footnotes":""},"categories":[58],"tags":[82,75],"class_list":["post-9818","post","type-post","status-publish","format-standard","has-post-thumbnail","hentry","category-cabildo","tag-fuerteventura","tag-transportes"],"jetpack_featured_media_url":"https:\/\/informacionlocal.es\/wp-content\/uploads\/2025\/08\/guagua-semana-de-la-juventud-2025.jpg","_links":{"self":[{"href":"https:\/\/informacionlocal.es\/en\/wp-json\/wp\/v2\/posts\/9818","targetHints":{"allow":["GET"]}}],"collection":[{"href":"https:\/\/informacionlocal.es\/en\/wp-json\/wp\/v2\/posts"}],"about":[{"href":"https:\/\/informacionlocal.es\/en\/wp-json\/wp\/v2\/types\/post"}],"author":[{"embeddable":true,"href":"https:\/\/informacionlocal.es\/en\/wp-json\/wp\/v2\/users\/1"}],"replies":[{"embeddable":true,"href":"https:\/\/informacionlocal.es\/en\/wp-json\/wp\/v2\/comments?post=9818"}],"version-history":[{"count":0,"href":"https:\/\/informacionlocal.es\/en\/wp-json\/wp\/v2\/posts\/9818\/revisions"}],"wp:featuredmedia":[{"embeddable":true,"href":"https:\/\/informacionlocal.es\/en\/wp-json\/wp\/v2\/media\/9820"}],"wp:attachment":[{"href":"https:\/\/informacionlocal.es\/en\/wp-json\/wp\/v2\/media?parent=9818"}],"wp:term":[{"taxonomy":"category","embeddable":true,"href":"https:\/\/informacionlocal.es\/en\/wp-json\/wp\/v2\/categories?post=9818"},{"taxonomy":"post_tag","embeddable":true,"href":"https:\/\/informacionlocal.es\/en\/wp-json\/wp\/v2\/tags?post=9818"}],"curies":[{"name":"wp","href":"https:\/\/api.w.org\/{rel}","templated":true}]}}