{"id":9812,"date":"2025-08-26T16:58:44","date_gmt":"2025-08-26T15:58:44","guid":{"rendered":"https:\/\/informacionlocal.es\/la-bandera-de-antigua-fuerteventura-canarias-escalando-el-mundo-se-queda-en-pakistan\/"},"modified":"2025-08-26T16:58:44","modified_gmt":"2025-08-26T15:58:44","slug":"la-bandera-de-antigua-fuerteventura-canarias-escalando-el-mundo-se-queda-en-pakistan","status":"publish","type":"post","link":"https:\/\/informacionlocal.es\/en\/la-bandera-de-antigua-fuerteventura-canarias-escalando-el-mundo-se-queda-en-pakistan\/","title":{"rendered":"La bandera de Antigua, Fuerteventura, Canarias escalando el mundo, se queda en Pakist\u00e1n"},"content":{"rendered":"<div class=\"elementor-widget-container\">\n<p><strong>La bandera de Antigua, Fuerteventura, Canarias escalando el mundo, se queda en Pakist\u00e1n<\/strong><\/p>\n<p><strong>\u2022 El alpinista Armando Marco Placeres entrega al Club Alpino de Pakist\u00e1n, la bandera de Antigua que subi\u00f3 hasta la cima del Golden Peak.<\/strong><\/p>\n<p><strong>\u2022 La bandera de Antigua se exhibir\u00e1 en la Galer\u00eda Internacional de alpinistas legendarios en Pakist\u00e1n como s\u00edmbolo de respeto, unidad y amistad entre naciones.<\/strong><\/p>\n<p>Tras lograr la haza\u00f1a el pasado 13 de agosto, de ser el primer alpinista de Espa\u00f1a en subir un 8.000 metros, el Golden Peak en Pakist\u00e1n, participando en la expedici\u00f3n Spantik de Explorek2pk, nuestro vecino, Armando Marco Placeres, a petici\u00f3n especial de la Escuela Internacional Alpina de Pakist\u00e1n, entrega la bandera de Antigua, Fuerteventura, Canarias, Espa\u00f1a escalando el mundo, que logr\u00f3 subir a la cima, en una haza\u00f1a hist\u00f3rica, anuncia el alcalde, Mat\u00edas Pe\u00f1a Garc\u00eda.<\/p>\n<p>Un gesto que desde el Ayuntamiento de Antigua felicitamos, compartiendo con el escalador el gesto de intercambio cultural, promoviendo la paz y fraternidad entre pueblos, se\u00f1ala el concejal de Deportes, Samuel Torres.<\/p>\n<p>Esta bandera se exhibir\u00e1 ahora en la Galer\u00eda de Atletas Legendarios en Pakist\u00e1n, nos indica Armando Marco Placeres, y lo hago en nombre de mi pa\u00eds Espa\u00f1a y de mi patria Fuerteventura, Islas Canarias, tierra que representa la historia, la identidad y el esp\u00edritu de unidad y cooperaci\u00f3n.<\/p>\n<\/div>\n","protected":false},"excerpt":{"rendered":"<p><strong>La bandera de Antigua, Fuerteventura, Canarias escalando el mundo, se queda en Pakist\u00e1n<\/strong><\/p>\n","protected":false},"author":1,"featured_media":9814,"comment_status":"open","ping_status":"open","sticky":false,"template":"","format":"standard","meta":{"inline_featured_image":false,"jnews-multi-image_gallery":[],"jnews_single_post":[],"jnews_primary_category":[],"jnews_social_meta":[],"jnews_override_counter":[],"jnews_post_split":[],"footnotes":""},"categories":[59],"tags":[82],"class_list":["post-9812","post","type-post","status-publish","format-standard","has-post-thumbnail","hentry","category-antigua","tag-fuerteventura"],"jetpack_featured_media_url":"https:\/\/informacionlocal.es\/wp-content\/uploads\/2025\/08\/imagen-de-whatsapp-2025-08-25-a-las-17-11-44_20fd8f9d.jpg","_links":{"self":[{"href":"https:\/\/informacionlocal.es\/en\/wp-json\/wp\/v2\/posts\/9812","targetHints":{"allow":["GET"]}}],"collection":[{"href":"https:\/\/informacionlocal.es\/en\/wp-json\/wp\/v2\/posts"}],"about":[{"href":"https:\/\/informacionlocal.es\/en\/wp-json\/wp\/v2\/types\/post"}],"author":[{"embeddable":true,"href":"https:\/\/informacionlocal.es\/en\/wp-json\/wp\/v2\/users\/1"}],"replies":[{"embeddable":true,"href":"https:\/\/informacionlocal.es\/en\/wp-json\/wp\/v2\/comments?post=9812"}],"version-history":[{"count":0,"href":"https:\/\/informacionlocal.es\/en\/wp-json\/wp\/v2\/posts\/9812\/revisions"}],"wp:featuredmedia":[{"embeddable":true,"href":"https:\/\/informacionlocal.es\/en\/wp-json\/wp\/v2\/media\/9814"}],"wp:attachment":[{"href":"https:\/\/informacionlocal.es\/en\/wp-json\/wp\/v2\/media?parent=9812"}],"wp:term":[{"taxonomy":"category","embeddable":true,"href":"https:\/\/informacionlocal.es\/en\/wp-json\/wp\/v2\/categories?post=9812"},{"taxonomy":"post_tag","embeddable":true,"href":"https:\/\/informacionlocal.es\/en\/wp-json\/wp\/v2\/tags?post=9812"}],"curies":[{"name":"wp","href":"https:\/\/api.w.org\/{rel}","templated":true}]}}