{"id":9806,"date":"2025-08-26T15:59:15","date_gmt":"2025-08-26T14:59:15","guid":{"rendered":"https:\/\/informacionlocal.es\/el-cabildo-de-fuerteventura-fomenta-la-artesania-tradicional-a-traves-de-diversos-talleres-para-mantener-vivas-las-costumbres-locales\/"},"modified":"2025-08-26T15:59:15","modified_gmt":"2025-08-26T14:59:15","slug":"el-cabildo-de-fuerteventura-fomenta-la-artesania-tradicional-a-traves-de-diversos-talleres-para-mantener-vivas-las-costumbres-locales","status":"publish","type":"post","link":"https:\/\/informacionlocal.es\/en\/el-cabildo-de-fuerteventura-fomenta-la-artesania-tradicional-a-traves-de-diversos-talleres-para-mantener-vivas-las-costumbres-locales\/","title":{"rendered":"El Cabildo de Fuerteventura fomenta la artesan\u00eda tradicional a trav\u00e9s de diversos talleres para mantener vivas las costumbres locales"},"content":{"rendered":"<div class=\"entry-content\"><strong>26 agosto, 2025<\/strong><\/p>\n<p><strong><em>La iniciativa va dirigida a difundir, conservar y poner en valor los oficios artesanos<\/em><\/strong><\/p>\n<p><strong><em>Los talleres ser\u00e1n impartidos por \u00c1ngel Nolasco Herrera, comenzando en septiembre y finalizando en diciembre<\/em><\/strong><\/p>\n<p>El Cabildo de Fuerteventura, a trav\u00e9s de la Consejer\u00eda de Turismo, dirigida por Marlene Figueroa, dentro del acuerdo entre el Patronato de Turismo y la C\u00e1mara de Comercio para la ejecuci\u00f3n del proyecto \u2018Fuerte por naturaleza\u2019 y en colaboraci\u00f3n con la Consejer\u00eda de Artesan\u00eda, pone en marcha una nueva edici\u00f3n de los \u201cTalleres de Artesan\u00eda Tradicional\u201d desarrollados entre septiembre y diciembre.<\/p>\n<p>Las din\u00e1micas estar\u00e1n dirigidas por el artesano \u00c1ngel Nolasco Herrera, centr\u00e1ndose en dos especialidades:\u00a0<\/p>\n<p>Cester\u00eda de palma (Tiscamanita)<\/p>\n<ul>\n<li>Inicio: 8 de septiembre<\/li>\n<li>Todos los martes<\/li>\n<li>Horarios:\n<ul>\n<li>De 16.00 a 18.00 horas (nivel iniciaci\u00f3n)<\/li>\n<li>De 18.00 a 20.00 horas (nivel de iniciaci\u00f3n)<\/li>\n<\/ul>\n<\/li>\n<\/ul>\n<p>Sombrerer\u00eda tradicional (Tindaya) <\/p>\n<ul>\n<li>Inicio: 10 de septiembre<\/li>\n<li>Todos los jueves<\/li>\n<li>Horarios:\n<ul>\n<li>De 16.00 a 18.00 horas (nivel iniciaci\u00f3n)<\/li>\n<li>De 18.00 a 20.00 (nivel avanzado)<\/li>\n<\/ul>\n<\/li>\n<\/ul>\n<p>Cada taller tendr\u00e1 un m\u00e1ximo de 10 participantes. Las personas interesadas deber\u00e1n realizar la inscripci\u00f3n previa a trav\u00e9s del 928861070, hasta completar aforo.<\/p>\n<p>La presidenta del Cabildo de Fuerteventura, Lola Garc\u00eda, apunta que \u201ccon estos talleres seguimos trabajando para fortalecer la identidad de la isla, apoyando a los artesanos, garantizando su conservaci\u00f3n y poniendo en valor la cultura que nos define como pueblo\u201d.<\/p>\n<p>Por su parte, la consejera de Turismo, Marlene Figueroa, subray\u00f3 que \u201cla artesan\u00eda es tambi\u00e9n un recurso tur\u00edstico de enorme valor, porque refleja nuestra historia y autenticidad. Iniciativas como esta permiten a visitantes y residentes acercarse a la esencia de Fuerteventura y a la labor de quienes mantienen vivas nuestras tradiciones\u201d.<\/p>\n<p>Estos talleres est\u00e1n financiados por la Uni\u00f3n Europea a trav\u00e9s de los fondos Next Generation EU.<\/p>\n<p>Con este proyecto, la Corporaci\u00f3n insular reafirma su compromiso con la protecci\u00f3n de la artesan\u00eda local y por la transmisi\u00f3n intergeneracional de conocimientos tradicionales.<\/p>\n<\/div>\n","protected":false},"excerpt":{"rendered":"<p>26 agosto, 2025 La iniciativa va dirigida a difundir, conservar y poner en valor los oficios artesanos Los talleres ser\u00e1n impartidos por \u00c1ngel Nolasco Herrera, comenzando en septiembre y finalizando [&hellip;]<\/p>\n","protected":false},"author":1,"featured_media":9808,"comment_status":"open","ping_status":"open","sticky":false,"template":"","format":"standard","meta":{"inline_featured_image":false,"jnews-multi-image_gallery":[],"jnews_single_post":[],"jnews_primary_category":[],"jnews_social_meta":[],"jnews_override_counter":[],"jnews_post_split":[],"footnotes":""},"categories":[58],"tags":[82],"class_list":["post-9806","post","type-post","status-publish","format-standard","has-post-thumbnail","hentry","category-cabildo","tag-fuerteventura"],"jetpack_featured_media_url":"https:\/\/informacionlocal.es\/wp-content\/uploads\/2025\/08\/talleres-de-artesanc3ada-tradicional.jpeg","_links":{"self":[{"href":"https:\/\/informacionlocal.es\/en\/wp-json\/wp\/v2\/posts\/9806","targetHints":{"allow":["GET"]}}],"collection":[{"href":"https:\/\/informacionlocal.es\/en\/wp-json\/wp\/v2\/posts"}],"about":[{"href":"https:\/\/informacionlocal.es\/en\/wp-json\/wp\/v2\/types\/post"}],"author":[{"embeddable":true,"href":"https:\/\/informacionlocal.es\/en\/wp-json\/wp\/v2\/users\/1"}],"replies":[{"embeddable":true,"href":"https:\/\/informacionlocal.es\/en\/wp-json\/wp\/v2\/comments?post=9806"}],"version-history":[{"count":0,"href":"https:\/\/informacionlocal.es\/en\/wp-json\/wp\/v2\/posts\/9806\/revisions"}],"wp:featuredmedia":[{"embeddable":true,"href":"https:\/\/informacionlocal.es\/en\/wp-json\/wp\/v2\/media\/9808"}],"wp:attachment":[{"href":"https:\/\/informacionlocal.es\/en\/wp-json\/wp\/v2\/media?parent=9806"}],"wp:term":[{"taxonomy":"category","embeddable":true,"href":"https:\/\/informacionlocal.es\/en\/wp-json\/wp\/v2\/categories?post=9806"},{"taxonomy":"post_tag","embeddable":true,"href":"https:\/\/informacionlocal.es\/en\/wp-json\/wp\/v2\/tags?post=9806"}],"curies":[{"name":"wp","href":"https:\/\/api.w.org\/{rel}","templated":true}]}}