{"id":9800,"date":"2025-08-26T13:59:35","date_gmt":"2025-08-26T12:59:35","guid":{"rendered":"https:\/\/informacionlocal.es\/pajara-alcanza-el-segundo-puesto-en-el-indice-de-transparencia-entre-los-municipios-de-fuerteventura\/"},"modified":"2025-08-26T13:59:35","modified_gmt":"2025-08-26T12:59:35","slug":"pajara-alcanza-el-segundo-puesto-en-el-indice-de-transparencia-entre-los-municipios-de-fuerteventura","status":"publish","type":"post","link":"https:\/\/informacionlocal.es\/en\/pajara-alcanza-el-segundo-puesto-en-el-indice-de-transparencia-entre-los-municipios-de-fuerteventura\/","title":{"rendered":"P\u00e1jara alcanza el segundo puesto en el \u00cdndice de Transparencia entre los municipios de Fuerteventura\u00a0"},"content":{"rendered":"<div class=\"entry-content\">\n<p><b><i>Con una puntuaci\u00f3n de 6,33, el municipio refuerza su apuesta por la claridad, la informaci\u00f3n accesible y la eficiencia administrativa\u00a0<\/i><\/b><\/p>\n<p><span>El Ayuntamiento de P\u00e1jara ha obtenido una puntuaci\u00f3n de 6,33 en el \u00cdndice de Transparencia de Canarias, consolid\u00e1ndose como el segundo municipio mejor valorado de la isla de Fuerteventura, con este resultado, P\u00e1jara escala un puesto con respecto al a\u00f1o anterior, consolidando su avance hacia una gesti\u00f3n m\u00e1s abierta y accesible para toda la ciudadan\u00eda.\u00a0<\/span><\/p>\n<p><span>Este resultado refleja el compromiso del Consistorio con la mejora continua en la publicaci\u00f3n de informaci\u00f3n p\u00fablica, la participaci\u00f3n ciudadana y la eficiencia administrativa.\u00a0<\/span><\/p>\n<p><span>Desde el Grupo de Gobierno se pone en valor el trabajo realizado durante el \u00faltimo a\u00f1o para optimizar los canales de informaci\u00f3n institucional y garantizar que los vecinos y vecinas tengan acceso a los datos del municipio. Se destaca, adem\u00e1s, que esta es la mejor puntuaci\u00f3n obtenida por el Ayuntamiento desde el a\u00f1o 2020.\u00a0<\/span><\/p>\n<p><span>El Ayuntamiento continuar\u00e1 trabajando para fortalecer la transparencia y consolidar procesos accesibles, reafirmando as\u00ed su compromiso con una administraci\u00f3n moderna, responsable y cercana a la ciudadan\u00eda.\u00a0<\/span><\/p>\n<\/div>\n","protected":false},"excerpt":{"rendered":"<p><i>Con una puntuaci\u00f3n de 6,33, el municipio refuerza su apuesta por la claridad, la informaci\u00f3n accesible y la eficiencia administrativa\u00a0<\/i><\/p>\n","protected":false},"author":1,"featured_media":9802,"comment_status":"open","ping_status":"open","sticky":false,"template":"","format":"standard","meta":{"inline_featured_image":false,"jnews-multi-image_gallery":[],"jnews_single_post":[],"jnews_primary_category":[],"jnews_social_meta":[],"jnews_override_counter":[],"jnews_post_split":[],"footnotes":""},"categories":[63],"tags":[82],"class_list":["post-9800","post","type-post","status-publish","format-standard","has-post-thumbnail","hentry","category-pajara","tag-fuerteventura"],"jetpack_featured_media_url":"https:\/\/informacionlocal.es\/wp-content\/uploads\/2025\/08\/web-ayto-pajara-2.png","_links":{"self":[{"href":"https:\/\/informacionlocal.es\/en\/wp-json\/wp\/v2\/posts\/9800","targetHints":{"allow":["GET"]}}],"collection":[{"href":"https:\/\/informacionlocal.es\/en\/wp-json\/wp\/v2\/posts"}],"about":[{"href":"https:\/\/informacionlocal.es\/en\/wp-json\/wp\/v2\/types\/post"}],"author":[{"embeddable":true,"href":"https:\/\/informacionlocal.es\/en\/wp-json\/wp\/v2\/users\/1"}],"replies":[{"embeddable":true,"href":"https:\/\/informacionlocal.es\/en\/wp-json\/wp\/v2\/comments?post=9800"}],"version-history":[{"count":0,"href":"https:\/\/informacionlocal.es\/en\/wp-json\/wp\/v2\/posts\/9800\/revisions"}],"wp:featuredmedia":[{"embeddable":true,"href":"https:\/\/informacionlocal.es\/en\/wp-json\/wp\/v2\/media\/9802"}],"wp:attachment":[{"href":"https:\/\/informacionlocal.es\/en\/wp-json\/wp\/v2\/media?parent=9800"}],"wp:term":[{"taxonomy":"category","embeddable":true,"href":"https:\/\/informacionlocal.es\/en\/wp-json\/wp\/v2\/categories?post=9800"},{"taxonomy":"post_tag","embeddable":true,"href":"https:\/\/informacionlocal.es\/en\/wp-json\/wp\/v2\/tags?post=9800"}],"curies":[{"name":"wp","href":"https:\/\/api.w.org\/{rel}","templated":true}]}}