{"id":9794,"date":"2025-08-25T19:59:24","date_gmt":"2025-08-25T18:59:24","guid":{"rendered":"https:\/\/informacionlocal.es\/el-30-aniversario-del-rally-de-antigua-rinde-homenaje-a-victoriano-franquiz-y-jonathan-hernandez\/"},"modified":"2025-08-25T19:59:24","modified_gmt":"2025-08-25T18:59:24","slug":"el-30-aniversario-del-rally-de-antigua-rinde-homenaje-a-victoriano-franquiz-y-jonathan-hernandez","status":"publish","type":"post","link":"https:\/\/informacionlocal.es\/en\/el-30-aniversario-del-rally-de-antigua-rinde-homenaje-a-victoriano-franquiz-y-jonathan-hernandez\/","title":{"rendered":"El 30 Aniversario del Rally de Antigua rinde homenaje a Victoriano Fr\u00e1nquiz y Jonathan Hern\u00e1ndez"},"content":{"rendered":"<div class=\"elementor-widget-container\">\n<p><strong>El 30 Aniversario del Rally de Antigua rinde homenaje a Victoriano Fr\u00e1nquiz y Jonathan Hern\u00e1ndez<\/strong><\/p>\n<p><strong>\u2022 Este martes 26 a las 20:00 horas en la Sociedad Recreativa o Casino de Antigua, Presentaci\u00f3n de la trig\u00e9simo edici\u00f3n del Rally de Antigua. <\/strong><br \/><strong>\u2022 En el 30\u00aa Aniversario del Rally de Antigua se rendir\u00e1 merecido homenaje p\u00f3stumo, al hist\u00f3rico en la familia del motor, Victoriano Fr\u00e1nquiz, adem\u00e1s de al joven copiloto con trayectoria de campe\u00f3n y todo el futuro por delante, Jonathan Hern\u00e1ndez. <\/strong><br \/><strong>\u2022 Tras la Presentaci\u00f3n del XXX Rally de Antigua, brindis para todos los asistentes.<\/strong><\/p>\n<p>La Presentaci\u00f3n del XXX Rally de Antigua destaca por poner en valor treinta a\u00f1os de una de las primeras carreras en pista de tierra organizada en Fuerteventura, un impulso entonces al motor que perdura hoy con la apuesta financiera, organizativa y de colaboraci\u00f3n por parte de este Ayuntamiento de Antigua, se\u00f1ala el alcalde, Mat\u00edas Pe\u00f1a.<\/p>\n<p>Otro aspecto destacado en este treinta aniversario, a\u00f1ade el alcalde, es que se celebra de la mejor manera, con la uni\u00f3n de los Clubs del Motor de la isla, y esa unidad es de por s\u00ed, un triunfo para el motor en la isla y un ejemplo en Canarias.<\/p>\n<p>Durante la Presentaci\u00f3n del XXX Rally de Antigua, detalla el concejal de Deportes, Samuel Torres, se rendir\u00e1 homenaje a dos grandes el automovilismo de la isla y el municipio, como es el fallecido Victoriano Fr\u00e1nquiz por ser pionero y precursor de los primeros rallies en pista de tierra, as\u00ed como un reconocimiento al joven copiloto de Antigua, que ya compite con los mejores pilotos, Jonathan Hern\u00e1ndez.<\/p>\n<p>Durante la Presentaci\u00f3n del XXX Aniversario del Rally de Antigua, el director de la carrera y portavoz de los clubs unidos del motor, Ernesto Su\u00e1rez, dar\u00e1 a conocer algunos de los detalles t\u00e9cnicos de la carrera, as\u00ed como los horarios de la prueba, y algunas de las normas a cumplir durante todos los tramos del recorrido.<\/p>\n<p>Tras la Presentaci\u00f3n en la que asisten numerosos pilotos, copilotos y equipos de los principales clubs del motor en Fuerteventura, adem\u00e1s de toda la afici\u00f3n que quiera asistir, se podr\u00e1 disfrutar de un Brindis de celebraci\u00f3n de estos 30 a\u00f1os de Rally de Antigua.<\/p>\n<p>\u00a0<\/p>\n<\/div>\n","protected":false},"excerpt":{"rendered":"<p><strong>El 30 Aniversario del Rally de Antigua rinde homenaje a Victoriano Fr\u00e1nquiz y Jonathan Hern\u00e1ndez<\/strong><\/p>\n","protected":false},"author":1,"featured_media":9796,"comment_status":"open","ping_status":"open","sticky":false,"template":"","format":"standard","meta":{"inline_featured_image":false,"jnews-multi-image_gallery":[],"jnews_single_post":[],"jnews_primary_category":[],"jnews_social_meta":[],"jnews_override_counter":[],"jnews_post_split":[],"footnotes":""},"categories":[59],"tags":[82],"class_list":["post-9794","post","type-post","status-publish","format-standard","has-post-thumbnail","hentry","category-antigua","tag-fuerteventura"],"jetpack_featured_media_url":"https:\/\/informacionlocal.es\/wp-content\/uploads\/2025\/08\/placa-xxx-rally-de-antigua-placa-scaled-1.jpg","_links":{"self":[{"href":"https:\/\/informacionlocal.es\/en\/wp-json\/wp\/v2\/posts\/9794","targetHints":{"allow":["GET"]}}],"collection":[{"href":"https:\/\/informacionlocal.es\/en\/wp-json\/wp\/v2\/posts"}],"about":[{"href":"https:\/\/informacionlocal.es\/en\/wp-json\/wp\/v2\/types\/post"}],"author":[{"embeddable":true,"href":"https:\/\/informacionlocal.es\/en\/wp-json\/wp\/v2\/users\/1"}],"replies":[{"embeddable":true,"href":"https:\/\/informacionlocal.es\/en\/wp-json\/wp\/v2\/comments?post=9794"}],"version-history":[{"count":0,"href":"https:\/\/informacionlocal.es\/en\/wp-json\/wp\/v2\/posts\/9794\/revisions"}],"wp:featuredmedia":[{"embeddable":true,"href":"https:\/\/informacionlocal.es\/en\/wp-json\/wp\/v2\/media\/9796"}],"wp:attachment":[{"href":"https:\/\/informacionlocal.es\/en\/wp-json\/wp\/v2\/media?parent=9794"}],"wp:term":[{"taxonomy":"category","embeddable":true,"href":"https:\/\/informacionlocal.es\/en\/wp-json\/wp\/v2\/categories?post=9794"},{"taxonomy":"post_tag","embeddable":true,"href":"https:\/\/informacionlocal.es\/en\/wp-json\/wp\/v2\/tags?post=9794"}],"curies":[{"name":"wp","href":"https:\/\/api.w.org\/{rel}","templated":true}]}}