{"id":9776,"date":"2025-08-25T12:00:44","date_gmt":"2025-08-25T11:00:44","guid":{"rendered":"https:\/\/informacionlocal.es\/tras-el-exito-en-la-xxxi-semana-cultural-de-la-playa-de-la-cebada-el-cabildo-de-fuerteventura-lleva-la-tecnologia-mas-avanzada-llega-a-la-50-semana-de-la-juventud-de-gran-tarajal\/"},"modified":"2025-08-25T12:00:44","modified_gmt":"2025-08-25T11:00:44","slug":"tras-el-exito-en-la-xxxi-semana-cultural-de-la-playa-de-la-cebada-el-cabildo-de-fuerteventura-lleva-la-tecnologia-mas-avanzada-llega-a-la-50-semana-de-la-juventud-de-gran-tarajal","status":"publish","type":"post","link":"https:\/\/informacionlocal.es\/en\/tras-el-exito-en-la-xxxi-semana-cultural-de-la-playa-de-la-cebada-el-cabildo-de-fuerteventura-lleva-la-tecnologia-mas-avanzada-llega-a-la-50-semana-de-la-juventud-de-gran-tarajal\/","title":{"rendered":"Tras el \u00e9xito en la XXXI Semana Cultural de la Playa de la Cebada, el Cabildo de Fuerteventura lleva la tecnolog\u00eda m\u00e1s avanzada llega a la 50 Semana de la Juventud de Gran Tarajal"},"content":{"rendered":"<div class=\"entry-content\"><strong>25 agosto, 2025<\/strong><\/p>\n<p><strong><em>Las jornadas pretenden que los j\u00f3venes se adapten a las nuevas<br \/>\ntecnolog\u00edas de una manera innovadora y entretenida<\/em><\/strong><\/p>\n<p><strong><em>Los d\u00edas 28 y 29 de agosto se desarrollar\u00e1n dos jornadas de<br \/>\nactividades tecnol\u00f3gicas gratuitas enfocadas en drones y realidad virtual<\/em><\/strong><\/p>\n<p>La<br \/>\nConsejer\u00eda de Nuevas Tecnolog\u00edas del Cabildo de Fuerteventura, dirigida por Carmen<br \/>\nAlonso, reafirma su compromiso con la promoci\u00f3n de la innovaci\u00f3n y la<br \/>\ndemocratizaci\u00f3n del conocimiento digital en la isla. En el marco de la 50<br \/>\nSemana de la Juventud, que se celebra en Gran Tarajal, la Consejer\u00eda colaborar\u00e1<br \/>\ncon dos jornadas de actividades tecnol\u00f3gicas gratuitas los pr\u00f3ximos d\u00edas 28 y<br \/>\n29 de agosto.<\/p>\n<p>De<br \/>\nesta manera, la Corporaci\u00f3n insular reafirma su compromiso con la promoci\u00f3n de<br \/>\nla innovaci\u00f3n y democratizaci\u00f3n del conocimiento digital en la Isla. \u201cTras la excelente<br \/>\nacogida que tuvieron estas actividades en Morro Jable, estamos muy ilusionados<br \/>\nde traer esta propuesta a Gran Tarajal, coincidiendo con un evento tan<br \/>\nimportante como la Semana de la Juventud\u201d, ha declarado la consejera Carmen<br \/>\nAlonso. \u201cEs una oportunidad fant\u00e1stica para que los j\u00f3venes de la isla se<br \/>\nfamiliaricen con la tecnolog\u00eda de una manera totalmente innovadora y divertida,<br \/>\ndemostrando que el ocio digital es un campo lleno de posibilidades y<br \/>\ncreatividad\u201d, a\u00f1ade la consejera.<\/p>\n<p>Las<br \/>\nactividades, dirigidas a todos los p\u00fablicos y pensadas para principiantes, se<br \/>\ndesarrollar\u00e1n en dos \u00e1reas principales: Por un lado, \u2018Circuito de Drones FPV:<br \/>\nVuela como un profesional\u2019, se instalar\u00e1 un circuito cerrado donde los<br \/>\nasistentes podr\u00e1n iniciarse en el emocionante mundo de los drones FPV (First<br \/>\nPerson View). De la mano de profesionales del sector, los participantes no solo<br \/>\npodr\u00e1n contemplar exhibiciones de pilotaje de alta velocidad, sino que tambi\u00e9n<br \/>\ntendr\u00e1n la oportunidad de pilotar un dron por s\u00ed mismos. Esta actividad, que<br \/>\ncombina destreza, coordinaci\u00f3n y tecnolog\u00eda de vanguardia, busca despertar el<br \/>\ninter\u00e9s por un sector en auge con m\u00faltiples aplicaciones profesionales y<br \/>\nrecreativas.<\/p>\n<p><strong>Inmersi\u00f3n en Realidad Virtual: Un viaje a otros mundos<\/strong><\/p>\n<p>La segunda actividad se titula \u2018Impresi\u00f3n en Realidad Virtual: Un<br \/>\nviaje a otros mundos\u2019, permitir\u00e1 a los asistentes sumergirse en experiencias de<br \/>\nrealidad virtual (VR) a trav\u00e9s del uso de las \u00faltimas gafas del mercado. Los<br \/>\nparticipantes podr\u00e1n explorar mundos virtuales, interactuar con entornos<br \/>\ninmersivos y vivir sensaciones \u00fanicas sin moverse de la playa. Esta iniciativa<br \/>\nes parte del esfuerzo de la Consejer\u00eda por mostrar c\u00f3mo la realidad virtual<br \/>\npuede ser una herramienta de entretenimiento, pero tambi\u00e9n educativa, para<br \/>\nexplorar nuevos horizontes.<\/p>\n<p>La<br \/>\nConsejer\u00eda de Nuevas Tecnolog\u00edas ha manifestado que este tipo de colaboraciones<br \/>\nson clave para fomentar la curiosidad y la formaci\u00f3n en las tecnolog\u00edas<br \/>\nemergentes. Las actividades del 28 y 29 de agosto son un paso m\u00e1s en la<br \/>\nestrategia del Cabildo por posicionar a Fuerteventura como un referente en<br \/>\ninnovaci\u00f3n y tecnolog\u00eda, ofreciendo a los ciudadanos y visitantes experiencias<br \/>\nque unen el ocio con la formaci\u00f3n digital.<\/p>\n<p>Para<br \/>\nm\u00e1s informaci\u00f3n, se puede consultar la agenda completa de la 50 Semana de la<br \/>\nJuventud o visitar los canales oficiales del Cabildo de Fuerteventura.<\/p>\n<\/div>\n","protected":false},"excerpt":{"rendered":"<p>25 agosto, 2025 Las jornadas pretenden que los j\u00f3venes se adapten a las nuevas tecnolog\u00edas de una manera innovadora y entretenida Los d\u00edas 28 y 29 de agosto se desarrollar\u00e1n [&hellip;]<\/p>\n","protected":false},"author":1,"featured_media":9778,"comment_status":"open","ping_status":"open","sticky":false,"template":"","format":"standard","meta":{"inline_featured_image":false,"jnews-multi-image_gallery":[],"jnews_single_post":[],"jnews_primary_category":[],"jnews_social_meta":[],"jnews_override_counter":[],"jnews_post_split":[],"footnotes":""},"categories":[58],"tags":[82,180],"class_list":["post-9776","post","type-post","status-publish","format-standard","has-post-thumbnail","hentry","category-cabildo","tag-fuerteventura","tag-innovacion"],"jetpack_featured_media_url":"https:\/\/informacionlocal.es\/wp-content\/uploads\/2025\/08\/semana-de-la-juventud.jpg","_links":{"self":[{"href":"https:\/\/informacionlocal.es\/en\/wp-json\/wp\/v2\/posts\/9776","targetHints":{"allow":["GET"]}}],"collection":[{"href":"https:\/\/informacionlocal.es\/en\/wp-json\/wp\/v2\/posts"}],"about":[{"href":"https:\/\/informacionlocal.es\/en\/wp-json\/wp\/v2\/types\/post"}],"author":[{"embeddable":true,"href":"https:\/\/informacionlocal.es\/en\/wp-json\/wp\/v2\/users\/1"}],"replies":[{"embeddable":true,"href":"https:\/\/informacionlocal.es\/en\/wp-json\/wp\/v2\/comments?post=9776"}],"version-history":[{"count":0,"href":"https:\/\/informacionlocal.es\/en\/wp-json\/wp\/v2\/posts\/9776\/revisions"}],"wp:featuredmedia":[{"embeddable":true,"href":"https:\/\/informacionlocal.es\/en\/wp-json\/wp\/v2\/media\/9778"}],"wp:attachment":[{"href":"https:\/\/informacionlocal.es\/en\/wp-json\/wp\/v2\/media?parent=9776"}],"wp:term":[{"taxonomy":"category","embeddable":true,"href":"https:\/\/informacionlocal.es\/en\/wp-json\/wp\/v2\/categories?post=9776"},{"taxonomy":"post_tag","embeddable":true,"href":"https:\/\/informacionlocal.es\/en\/wp-json\/wp\/v2\/tags?post=9776"}],"curies":[{"name":"wp","href":"https:\/\/api.w.org\/{rel}","templated":true}]}}