{"id":9746,"date":"2025-08-22T13:58:36","date_gmt":"2025-08-22T12:58:36","guid":{"rendered":"https:\/\/informacionlocal.es\/la-estacion-biologica-de-la-oliva-continua-con-su-compromiso-de-conservacion-de-la-biodiversidad-de-la-isla-majorera\/"},"modified":"2025-08-22T13:58:36","modified_gmt":"2025-08-22T12:58:36","slug":"la-estacion-biologica-de-la-oliva-continua-con-su-compromiso-de-conservacion-de-la-biodiversidad-de-la-isla-majorera","status":"publish","type":"post","link":"https:\/\/informacionlocal.es\/en\/la-estacion-biologica-de-la-oliva-continua-con-su-compromiso-de-conservacion-de-la-biodiversidad-de-la-isla-majorera\/","title":{"rendered":"La Estaci\u00f3n Biol\u00f3gica de La Oliva contin\u00faa con su compromiso de conservaci\u00f3n de la biodiversidad de la isla majorera"},"content":{"rendered":"<div class=\"entry-content\"><strong>22 agosto, 2025<\/strong><\/p>\n<p><strong><em>Entre los animales <\/em><\/strong><strong><em>atendidos se encuentran guirres, tortugas marinas, cern\u00edcalos, cet\u00e1ceos,<br \/>\nconejos, entre otros.<\/em><\/strong><\/p>\n<p><strong><em>El ejemplar liberado es un pollo<br \/>\nde alcarav\u00e1n, el cual fue internado en el centro de recuperaci\u00f3n con s\u00edntomas<br \/>\nde deshidrataci\u00f3n<\/em><\/strong><\/p>\n<p>La Estaci\u00f3n Biol\u00f3gica de<br \/>\nLa Oliva aloja \u00e1reas e infraestructuras como, por ejemplo, el centro de<br \/>\nrecuperaci\u00f3n de fauna, el vivero de producci\u00f3n, sala de necropsias, jard\u00edn de<br \/>\nplanta madre o huerto-semillero, aula de educaci\u00f3n ambiental, jard\u00edn did\u00e1ctico<br \/>\ny jaulones de vuelo.\u00a0<\/p>\n<p>En particular, la zona del<br \/>\ncentro<br \/>\nde recuperaci\u00f3n de fauna silvestre se enfoca en aquellos animales que son<br \/>\ninternados por diversas circunstancias y requieren de atenci\u00f3n especializada,<br \/>\nsiendo el principal objetivo regresarlos a su medio natural, tras los cuidados<br \/>\nnecesarios.<\/p>\n<p>En lo que va de a\u00f1o, han ingresado vivos m\u00e1s de 215 animales de<br \/>\ndiferentes especies, siendo 77% aves. Casi 650 ejemplares fueron recogidos<br \/>\ndurante 2024, Unos 430 de ellos ingresaron con vida, lo que refleja la magnitud<br \/>\ndel trabajo que se realiza en este espacio.<\/p>\n<p>Para ello, cuenta con jaulones de aislamiento, jaulones de vuelo,<br \/>\ncl\u00ednica b\u00e1sica de primeros auxilios y UCI, lugar donde se<br \/>\nles realiza una valoraci\u00f3n veterinaria para iniciar el tratamiento conveniente. Adem\u00e1s,<br \/>\ndispone de uno de los jaulones m\u00e1s grandes de Canarias dise\u00f1ado especialmente<br \/>\npara favorecer el fortalecimiento de la musculatura de las aves en proceso de<br \/>\nrecuperaci\u00f3n, con el fin de garantizar su adecuada preparaci\u00f3n para la<br \/>\nposterior puesta en libertad.<\/p>\n<p>Para aquellos animales que no pueden recuperarse, por distintas<br \/>\nrazones, el \u00e1rea cuenta con alojamiento adecuado a sus necesidades, dando prioridad a<br \/>\nlos proyectos de cr\u00eda en cautividad y sirviendo de ayuda en la comprensi\u00f3n de<br \/>\nla biolog\u00eda de la especie y como herramienta para la educaci\u00f3n ambiental.<\/p>\n<p><strong>Aves migratorias y residentes<\/strong><\/p>\n<p>El Centro de Recuperaci\u00f3n de Fauna sigue registrando un importante<br \/>\nvolumen de avisos, especialmente en los municipios de La Oliva, P\u00e1jara y Puerto<br \/>\ndel Rosario. Los meses de mayor actividad se concentran entre abril y julio, \u00e9poca<br \/>\nde cr\u00eda y paso migratorio de aves, y en octubre y noviembre, cuando los pollos<br \/>\nde pardela cenicienta atl\u00e1ntica <em>(Calonectris borealis)<\/em> emprenden sus<br \/>\nprimeros vuelos y se ven afectados por la contaminaci\u00f3n lum\u00ednica.<\/p>\n<p>Entre las especies atendidas destacan las aves nidificantes en la<br \/>\nisla, como la aguililla, el guirre, el halc\u00f3n de tagarote o el cern\u00edcalo.<br \/>\nAsimismo, se reciben aves migratorias poco comunes que llegan exhaustas tras<br \/>\nlargos desplazamientos, lo que incrementa el riesgo de colisiones, atropellos o<br \/>\ndepredaci\u00f3n entre otros riesgos. Durante este mes de agosto, se han recibido<br \/>\nalgunos ejemplares como el cuco (Cuculus <em>canorus<\/em>) o cr\u00edalo europeo (<em>Clamator<br \/>\nglandarius<\/em>). El a\u00f1o pasado ingresaron otras especies como la orop\u00e9ndola<br \/>\neuropea (<em>Oriolus oriolus<\/em>), autillo europeo (<em>Otus scops<\/em>), alcatraz<br \/>\natl\u00e1ntico (<em>Morus bassanus<\/em>), torcecuello euroasi\u00e1tico (<em>Jynx torquilla<\/em>)<br \/>\no alcot\u00e1n (<em>Falco subbuteo<\/em>).<\/p>\n<p><strong>Tortugas marinas y fauna marina<\/strong><\/p>\n<p>La atenci\u00f3n a tortugas marinas constituye tambi\u00e9n una parte<br \/>\nfundamental de la actividad del centro. Durante 2024 ingresaron 51 ejemplares,<br \/>\nde los cuales 24 llegaron con vida. La mayor\u00eda pertenec\u00eda a la especie tortuga<br \/>\nboba (<em>Caretta caretta<\/em>), aunque tambi\u00e9n se registraron tortugas verdes (<em>Chelonia<br \/>\nmydas<\/em>). Los principales motivos de ingreso fueron los enmallamientos en<br \/>\nredes y pl\u00e1sticos, rafia principalmente, as\u00ed como la ingesta de basura marina y<br \/>\nanzuelos.<\/p>\n<p>El centro participa adem\u00e1s en la gesti\u00f3n de varamientos de<br \/>\ncet\u00e1ceos, tiburones y elasmobranquios. En los casos en los que los ejemplares<br \/>\nno sobreviven, se colabora con la Red Vig\u00eda y el Instituto Universitario de<br \/>\nSanidad Animal (IUSA) en la realizaci\u00f3n de necropsias que permiten conocer las<br \/>\ncausas de muerte y reforzar las estrategias de conservaci\u00f3n.<\/p>\n<p>La reintroducci\u00f3n de las especies silvestres recuperadas se<br \/>\nconvierte en el principal objetivo del trabajo que se lleva a cabo en la Estaci\u00f3n<br \/>\nBiol\u00f3gica de La Oliva. Por este motivo, a trav\u00e9s de la Consejer\u00eda de Medio Ambiente<br \/>\nque dirige Carlos Rodr\u00edguez, se ha liberado hoy una cr\u00eda de alcarav\u00e1n y de<br \/>\ncern\u00edcalo.<\/p>\n<p>El alcarav\u00e1n ingres\u00f3 en el Centro<br \/>\nde Recuperaci\u00f3n de Fauna de la Estaci\u00f3n Biol\u00f3gica de La Oliva el 12 de junio<br \/>\ncon s\u00edntomas de deshidrataci\u00f3n y a\u00fan con plum\u00f3n. Sin embargo, no presentaba<br \/>\nninguna lesi\u00f3n. Por lo tanto, el Servicio de Medio Ambiente recuerda la importancia<br \/>\nde dejar a las cr\u00edas de aves en el lugar donde se encuentran ya que, en muchas<br \/>\nocasiones, no manifiestan incidencias significativas para proceder a su<br \/>\nrecogida.<\/p>\n<p>Por su parte, el cern\u00edcalo fue internado con signos de deshidrataci\u00f3n,<br \/>\nel pasado 18 de agosto, en el Centro de Recuperaci\u00f3n para ser tratado.<\/p>\n<p>El consejero de Medio Ambiente, Carlos Rodr\u00edguez, destac\u00f3 que<br \/>\n\u201ccada liberaci\u00f3n es el reflejo del esfuerzo del equipo de recuperaci\u00f3n y la<br \/>\ncolaboraci\u00f3n ciudadana. Desde la Consejer\u00eda reafirmamos nuestro compromiso con<br \/>\nla conservaci\u00f3n de la biodiversidad insular y con la protecci\u00f3n de las especies<br \/>\nque forman parte de nuestro patrimonio natural\u201d.<\/p>\n<p>Desde la entidad se subraya la importancia de la colaboraci\u00f3n<br \/>\nciudadana. El canal oficial para comunicar la presencia de un animal herido es<br \/>\nel 112 para garantizar una actuaci\u00f3n r\u00e1pida y eficaz.<\/p>\n<\/div>\n","protected":false},"excerpt":{"rendered":"<p>22 agosto, 2025 Entre los animales atendidos se encuentran guirres, tortugas marinas, cern\u00edcalos, cet\u00e1ceos, conejos, entre otros. El ejemplar liberado es un pollo de alcarav\u00e1n, el cual fue internado en [&hellip;]<\/p>\n","protected":false},"author":1,"featured_media":9748,"comment_status":"open","ping_status":"open","sticky":false,"template":"","format":"standard","meta":{"inline_featured_image":false,"jnews-multi-image_gallery":[],"jnews_single_post":[],"jnews_primary_category":[],"jnews_social_meta":[],"jnews_override_counter":[],"jnews_post_split":[],"footnotes":""},"categories":[58],"tags":[73,76,65,74],"class_list":["post-9746","post","type-post","status-publish","format-standard","has-post-thumbnail","hentry","category-cabildo","tag-educacion","tag-medio-ambiente","tag-municipios","tag-sanidad"],"jetpack_featured_media_url":"https:\/\/informacionlocal.es\/wp-content\/uploads\/2025\/08\/whatsapp-image-2025-08-21-at-10-23-49.jpeg","_links":{"self":[{"href":"https:\/\/informacionlocal.es\/en\/wp-json\/wp\/v2\/posts\/9746","targetHints":{"allow":["GET"]}}],"collection":[{"href":"https:\/\/informacionlocal.es\/en\/wp-json\/wp\/v2\/posts"}],"about":[{"href":"https:\/\/informacionlocal.es\/en\/wp-json\/wp\/v2\/types\/post"}],"author":[{"embeddable":true,"href":"https:\/\/informacionlocal.es\/en\/wp-json\/wp\/v2\/users\/1"}],"replies":[{"embeddable":true,"href":"https:\/\/informacionlocal.es\/en\/wp-json\/wp\/v2\/comments?post=9746"}],"version-history":[{"count":0,"href":"https:\/\/informacionlocal.es\/en\/wp-json\/wp\/v2\/posts\/9746\/revisions"}],"wp:featuredmedia":[{"embeddable":true,"href":"https:\/\/informacionlocal.es\/en\/wp-json\/wp\/v2\/media\/9748"}],"wp:attachment":[{"href":"https:\/\/informacionlocal.es\/en\/wp-json\/wp\/v2\/media?parent=9746"}],"wp:term":[{"taxonomy":"category","embeddable":true,"href":"https:\/\/informacionlocal.es\/en\/wp-json\/wp\/v2\/categories?post=9746"},{"taxonomy":"post_tag","embeddable":true,"href":"https:\/\/informacionlocal.es\/en\/wp-json\/wp\/v2\/tags?post=9746"}],"curies":[{"name":"wp","href":"https:\/\/api.w.org\/{rel}","templated":true}]}}