{"id":9734,"date":"2025-08-21T22:58:31","date_gmt":"2025-08-21T21:58:31","guid":{"rendered":"https:\/\/informacionlocal.es\/puerto-del-rosario-instala-un-medidor-de-calidad-del-aire-en-la-oficina-de-turismo-de-los-hornos-de-el-charco\/"},"modified":"2025-08-21T22:58:31","modified_gmt":"2025-08-21T21:58:31","slug":"puerto-del-rosario-instala-un-medidor-de-calidad-del-aire-en-la-oficina-de-turismo-de-los-hornos-de-el-charco","status":"publish","type":"post","link":"https:\/\/informacionlocal.es\/en\/puerto-del-rosario-instala-un-medidor-de-calidad-del-aire-en-la-oficina-de-turismo-de-los-hornos-de-el-charco\/","title":{"rendered":"Puerto del Rosario instala un medidor de calidad del aire en la Oficina de Turismo de Los Hornos de El Charco"},"content":{"rendered":"<div class=\"entry-content\">\n<p>El Ayuntamiento informa de la reciente instalaci\u00f3n de un medidor de calidad del aire en la Oficina de Turismo de Los Hornos de El Charco, como parte de las acciones impulsadas para reforzar la sostenibilidad ambiental y ofrecer informaci\u00f3n relevante tanto a residentes como visitantes.<\/p>\n<p>Este dispositivo permitir\u00e1 recopilar datos sobre la calidad del aire en tiempo real, monitorizando elementos como part\u00edculas en suspensi\u00f3n (PM1,PM2.5 y PM10), gases contaminantes y otros indicadores ambientales.<\/p>\n<p><strong>Periodo de calibraci\u00f3n y acceso a datos<\/strong><\/p>\n<p>Durante el primer mes tras su instalaci\u00f3n, el medidor estar\u00e1 en fase de calibraci\u00f3n, lo que permitir\u00e1 ajustar y verificar la precisi\u00f3n de las mediciones. Una vez finalizado este periodo, los datos comenzar\u00e1n a hacerse p\u00fablicos y estar\u00e1n disponibles a trav\u00e9s de:<\/p>\n<ul>\n<li>Las pantallas informativas de turismo del Ayuntamiento<\/li>\n<li>La p\u00e1gina web oficial de turismo: discoverpuerto.es<\/li>\n<\/ul>\n<p>Esta iniciativa se enmarca dentro del compromiso municipal con la protecci\u00f3n del medio ambiente, el turismo sostenible y la mejora de la calidad de vida en el entorno.<\/p>\n<p><strong>Caracter\u00edsticas t\u00e9cnicas y operativas del equipo<\/strong><\/p>\n<p>El medidor contar\u00e1 con <strong>conectividad inal\u00e1mbrica<\/strong>, lo que permitir\u00e1 la <strong>transferencia autom\u00e1tica de datos<\/strong> a los sistemas de informaci\u00f3n de la instituci\u00f3n. Estos datos ser\u00e1n adem\u00e1s <strong>visibles en tiempo real<\/strong> a trav\u00e9s de las pantallas informativas ubicadas en puntos estrat\u00e9gicos de la ciudad, facilitando as\u00ed que la ciudadan\u00eda pueda <strong>consultar la calidad del aire de forma directa y transparente<\/strong>.<\/p>\n<h4><strong>Compromiso con el futuro<\/strong><\/h4>\n<p>Para el <strong>alcalde, David de Vera,<\/strong> \u201ccon esta inversi\u00f3n, el Ayuntamiento de Puerto del Rosario <strong>fortalece sus capacidades de monitoreo ambiental<\/strong><strong>,<\/strong> reafirmando su compromiso con las pol\u00edticas p\u00fablicas orientadas a la protecci\u00f3n de la salud y el medio ambiente\u201d.<\/p>\n<p>La <strong>concejala de Salud P\u00fablica, Rosa Rodr\u00edguez,<\/strong> manifestaba que \u201cesta medida se enmarca dentro de una estrategia m\u00e1s amplia de sostenibilidad urbana, donde la informaci\u00f3n y la tecnolog\u00eda juegan un papel fundamental en la construcci\u00f3n de un municipio m\u00e1s saludable, consciente y resiliente ante los retos del cambio clim\u00e1tico\u201d.<\/p>\n<p><strong>Capacidades de Medici\u00f3n<\/strong><\/p>\n<p>La estaci\u00f3n pueden monitorizar un amplio espectro de gases y part\u00edculas, entre los que se incluyen:<\/p>\n<ul>\n<li><strong>Gases:<\/strong> Di\u00f3xido de carbono (CO2), \u00d3xido n\u00edtrico (NO), Di\u00f3xido de nitr\u00f3geno (NO2), Ozono (O3), Di\u00f3xido de azufre (SO2)<\/li>\n<li><strong>Part\u00edculas en suspensi\u00f3n:<\/strong> Miden con precisi\u00f3n diferentes fracciones de tama\u00f1o de part\u00edculas, como PM1, PM2.5 y PM10.<\/li>\n<\/ul>\n<p>Adem\u00e1s de la monitorizaci\u00f3n de la calidad del aire, las estaciones est\u00e1n equipadas para registrar par\u00e1metros meteorol\u00f3gicos fundamentales:<\/p>\n<ul>\n<li><strong>Temperatura<\/strong><\/li>\n<li><strong>Humedad relativa<\/strong><\/li>\n<li><strong>Presi\u00f3n atmosf\u00e9rica<\/strong><\/li>\n<\/ul>\n<p><strong>Sensores Meteorol\u00f3gicos Adicionales<\/strong><\/p>\n<p>La versatilidad de la estaci\u00f3n se ve reforzada por la integraci\u00f3n de varios sensores meteorol\u00f3gicos externos, en la que se encuentra instalado un <strong>Anem\u00f3metro<\/strong>, para la medici\u00f3n de la velocidad y direcci\u00f3n del viento.<\/p>\n<p><strong>\u00a0<\/strong><strong>Autonom\u00eda, Conectividad y Gesti\u00f3n de Datos<\/strong><\/p>\n<p>Dise\u00f1ada para un despliegue \u00e1gil y una operaci\u00f3n continua, la estaci\u00f3n cuenta con:<\/p>\n<ul>\n<li><strong>Operaci\u00f3n Aut\u00f3noma: <\/strong>alimentada mediante panel solar y cuentan con bater\u00edas de respaldo, garantizando su funcionamiento ininterrumpido.<\/li>\n<li><strong>M\u00faltiples Opciones de Conectividad:<\/strong> La transmisi\u00f3n de datos se realiza en tiempo real a trav\u00e9s de redes 2G\/3G\/4G.<\/li>\n<li><strong>Plataforma en la Nube:<\/strong> Toda la informaci\u00f3n recopilada por la estaci\u00f3n es enviada a una plataforma en la nube que permite la visualizaci\u00f3n, el an\u00e1lisis avanzado de los datos y la configuraci\u00f3n remota de los equipos.<\/li>\n<\/ul>\n<p><strong>\u00a0<\/strong><strong>Robustez y Fiabilidad<\/strong><\/p>\n<p>La estaci\u00f3n meteorol\u00f3gica est\u00e1 dise\u00f1ada para soportar condiciones ambientales adversas, con una carcasa con grado de protecci\u00f3n IP65 y un amplio rango de temperaturas de funcionamiento. Su precisi\u00f3n y fiabilidad est\u00e1n avaladas por el cumplimiento de normativas europeas (CEN\/TS 17660) y de la Agencia de Protecci\u00f3n Ambiental de Estados Unidos (EPA).<\/p>\n<p>\u00a0<\/p>\n<p>\u00a0<\/p>\n<\/div>\n","protected":false},"excerpt":{"rendered":"<p>El Ayuntamiento informa de la reciente instalaci\u00f3n de un medidor de calidad del aire en la Oficina de Turismo de Los Hornos de El Charco, como parte de las acciones [&hellip;]<\/p>\n","protected":false},"author":1,"featured_media":9736,"comment_status":"open","ping_status":"open","sticky":false,"template":"","format":"standard","meta":{"inline_featured_image":false,"jnews-multi-image_gallery":[],"jnews_single_post":[],"jnews_primary_category":[],"jnews_social_meta":[],"jnews_override_counter":[],"jnews_post_split":[],"footnotes":""},"categories":[61],"tags":[76,81],"class_list":["post-9734","post","type-post","status-publish","format-standard","has-post-thumbnail","hentry","category-puerto-del-rosario","tag-medio-ambiente","tag-normativas"],"jetpack_featured_media_url":"https:\/\/informacionlocal.es\/wp-content\/uploads\/2025\/08\/medidor-titu-fondo-mar-1.jpg","_links":{"self":[{"href":"https:\/\/informacionlocal.es\/en\/wp-json\/wp\/v2\/posts\/9734","targetHints":{"allow":["GET"]}}],"collection":[{"href":"https:\/\/informacionlocal.es\/en\/wp-json\/wp\/v2\/posts"}],"about":[{"href":"https:\/\/informacionlocal.es\/en\/wp-json\/wp\/v2\/types\/post"}],"author":[{"embeddable":true,"href":"https:\/\/informacionlocal.es\/en\/wp-json\/wp\/v2\/users\/1"}],"replies":[{"embeddable":true,"href":"https:\/\/informacionlocal.es\/en\/wp-json\/wp\/v2\/comments?post=9734"}],"version-history":[{"count":0,"href":"https:\/\/informacionlocal.es\/en\/wp-json\/wp\/v2\/posts\/9734\/revisions"}],"wp:featuredmedia":[{"embeddable":true,"href":"https:\/\/informacionlocal.es\/en\/wp-json\/wp\/v2\/media\/9736"}],"wp:attachment":[{"href":"https:\/\/informacionlocal.es\/en\/wp-json\/wp\/v2\/media?parent=9734"}],"wp:term":[{"taxonomy":"category","embeddable":true,"href":"https:\/\/informacionlocal.es\/en\/wp-json\/wp\/v2\/categories?post=9734"},{"taxonomy":"post_tag","embeddable":true,"href":"https:\/\/informacionlocal.es\/en\/wp-json\/wp\/v2\/tags?post=9734"}],"curies":[{"name":"wp","href":"https:\/\/api.w.org\/{rel}","templated":true}]}}