{"id":9722,"date":"2025-08-21T17:59:22","date_gmt":"2025-08-21T16:59:22","guid":{"rendered":"https:\/\/informacionlocal.es\/rally-de-antigua-treinta-anos-encendiendo-motores\/"},"modified":"2025-08-21T17:59:22","modified_gmt":"2025-08-21T16:59:22","slug":"rally-de-antigua-treinta-anos-encendiendo-motores","status":"publish","type":"post","link":"https:\/\/informacionlocal.es\/en\/rally-de-antigua-treinta-anos-encendiendo-motores\/","title":{"rendered":"Rally de Antigua, treinta a\u00f1os encendiendo motores"},"content":{"rendered":"<div class=\"elementor-widget-container\">\n<p><strong>Rally de Antigua, treinta a\u00f1os encendiendo motores<\/strong><\/p>\n<p><strong>Los clubs unidos y el Ayuntamiento de Antigua presentan el 30 aniversario del Rally de Antigua<\/strong><\/p>\n<p><strong>\u2022 El XXX Rally de Antigua reconoce en esta edici\u00f3n al joven copiloto del Municipio, Jonathan Hern\u00e1ndez, y en homenaje p\u00f3stumo, por su compromiso con el motor y con esta carrera especialmente, a Victoriano Fr\u00e1nquiz. <\/strong><br \/><strong>\u2022 El pr\u00f3ximo martes 26 a las 20:00 horas en el Casino de Antigua, Presentaci\u00f3n del XXX Rally de Antigua.<\/strong><br \/><strong>\u2022 Tras la Presentaci\u00f3n del XXX Rally de Antigua, brindis para todos los asistentes.<\/strong><\/p>\n<p>El pr\u00f3ximo martes 26 de agosto a las 20:00 horas en la Sociedad Recreativa Uni\u00f3n Antigua, conocida como el Casino de Antigua, tendr\u00e1 lugar la Presentaci\u00f3n del XXX Rally de Antigua, con asistencia del alcalde, Mat\u00edas Pe\u00f1a Garc\u00eda, el concejal de Deportes, Samuel Torres Mesa, el consejero insular Luis Gonz\u00e1lez, los representantes de los clubs unidos del motor en Fuerteventura y los presidentes de las federaciones de automovilismo por Canarias y por la provincia de Las Palmas.<\/p>\n<p>El Rally de Antigua celebra su treinta aniversario, treinta a\u00f1os organizando una de las primeras carreras del motor en pista de tierra de Fuerteventura, se\u00f1ala el acalde, Mat\u00edas Pe\u00f1a, y lo hace de la mejor manera, siendo presentada la edici\u00f3n 2025 por sus actuales organizadores, los clubs del motor que se presentan unidos, compactos y con mucha m\u00e1s fuerza para defender e impulsar los rallies y pruebas del motor en la isla.<\/p>\n<p>Durante la Presentaci\u00f3n del XXX Rally de Antigua se rendir\u00e1 homenaje a dos grandes el automovilismo de la isla y el municipio, como es el fallecido Victoriano Fr\u00e1nquiz por ser pionero y precursor de los primeros rallies en pista de tierra, as\u00ed como un reconocimiento al joven copiloto de Antigua, que ya compite con los mejores pilotos, Jonathan Hern\u00e1ndez.<\/p>\n<p>Durante la Presentaci\u00f3n del XXX Aniversario del Rally de Antigua, se dar\u00e1n a conocer algunos de los detalles t\u00e9cnicos de la carrera, as\u00ed como los horarios de la prueba, y algunas de las normas a cumplir durante todos los tramos del recorrido.<\/p>\n<p>Tras la Presentaci\u00f3n en la que asisten numerosos pilotos, copilotos y equipos de los principales clubs del motor en Fuerteventura, adem\u00e1s de toda la afici\u00f3n que quiera asistir, se podr\u00e1 disfrutar de un Brindis de celebraci\u00f3n de estos 30 a\u00f1os de Rally de Antigua.<\/p>\n<\/div>\n","protected":false},"excerpt":{"rendered":"<p><strong>Rally de Antigua, treinta a\u00f1os encendiendo motores<\/strong><\/p>\n","protected":false},"author":1,"featured_media":9724,"comment_status":"open","ping_status":"open","sticky":false,"template":"","format":"standard","meta":{"inline_featured_image":false,"jnews-multi-image_gallery":[],"jnews_single_post":[],"jnews_primary_category":[],"jnews_social_meta":[],"jnews_override_counter":[],"jnews_post_split":[],"footnotes":""},"categories":[59],"tags":[82],"class_list":["post-9722","post","type-post","status-publish","format-standard","has-post-thumbnail","hentry","category-antigua","tag-fuerteventura"],"jetpack_featured_media_url":"https:\/\/informacionlocal.es\/wp-content\/uploads\/2025\/08\/xxx-rally-de-antigua-cartel-scaled-1.jpg","_links":{"self":[{"href":"https:\/\/informacionlocal.es\/en\/wp-json\/wp\/v2\/posts\/9722","targetHints":{"allow":["GET"]}}],"collection":[{"href":"https:\/\/informacionlocal.es\/en\/wp-json\/wp\/v2\/posts"}],"about":[{"href":"https:\/\/informacionlocal.es\/en\/wp-json\/wp\/v2\/types\/post"}],"author":[{"embeddable":true,"href":"https:\/\/informacionlocal.es\/en\/wp-json\/wp\/v2\/users\/1"}],"replies":[{"embeddable":true,"href":"https:\/\/informacionlocal.es\/en\/wp-json\/wp\/v2\/comments?post=9722"}],"version-history":[{"count":0,"href":"https:\/\/informacionlocal.es\/en\/wp-json\/wp\/v2\/posts\/9722\/revisions"}],"wp:featuredmedia":[{"embeddable":true,"href":"https:\/\/informacionlocal.es\/en\/wp-json\/wp\/v2\/media\/9724"}],"wp:attachment":[{"href":"https:\/\/informacionlocal.es\/en\/wp-json\/wp\/v2\/media?parent=9722"}],"wp:term":[{"taxonomy":"category","embeddable":true,"href":"https:\/\/informacionlocal.es\/en\/wp-json\/wp\/v2\/categories?post=9722"},{"taxonomy":"post_tag","embeddable":true,"href":"https:\/\/informacionlocal.es\/en\/wp-json\/wp\/v2\/tags?post=9722"}],"curies":[{"name":"wp","href":"https:\/\/api.w.org\/{rel}","templated":true}]}}