{"id":9702,"date":"2025-08-21T14:59:21","date_gmt":"2025-08-21T13:59:21","guid":{"rendered":"https:\/\/informacionlocal.es\/pajara-promueve-la-igualdad-a-traves-del-arte-urbano-con-el-proyecto-artevioleta\/"},"modified":"2025-08-21T14:59:21","modified_gmt":"2025-08-21T13:59:21","slug":"pajara-promueve-la-igualdad-a-traves-del-arte-urbano-con-el-proyecto-artevioleta","status":"publish","type":"post","link":"https:\/\/informacionlocal.es\/en\/pajara-promueve-la-igualdad-a-traves-del-arte-urbano-con-el-proyecto-artevioleta\/","title":{"rendered":"P\u00e1jara promueve la igualdad a trav\u00e9s del arte urbano con el proyecto ArteVioleta\u00a0"},"content":{"rendered":"<div class=\"entry-content\">\n<p><b><i>M\u00e1s de 80 ni\u00f1os y ni\u00f1as participaron en el taller de graffiti y muralismo<\/i><\/b><\/p>\n<p><span>El Ayuntamiento de P\u00e1jara, a trav\u00e9s de la Concejal\u00eda de Servicios Sociales, concluye con \u00e9xito el proyecto \u2018ArteVioleta\u2019, un taller de graffiti y muralismo celebrado durante la XXXI Semana Cultural Playa de la Cebada, que durante tres d\u00edas convirti\u00f3 el arte urbano en una herramienta de sensibilizaci\u00f3n social. M\u00e1s de 80 ni\u00f1os y ni\u00f1as participaron en la actividad, mostrando gran entusiasmo durante el proceso.\u00a0<\/span><\/p>\n<p><span>La iniciativa convirti\u00f3 el arte urbano en una herramienta de reflexi\u00f3n y creaci\u00f3n colectiva. El primer d\u00eda se centr\u00f3 en la creaci\u00f3n de bocetos que conectar\u00e1n a los y las participantes con el graffiti como forma de expresi\u00f3n. En la segunda sesi\u00f3n, bajo el lema \u2018Nuestros cuerpos y nuestras voces\u2019, se abordaron temas como la autoestima, la diversidad corporal y la expresi\u00f3n personal. La tercera jornada se integraron los mensajes claves en el mural, reflexionando sobre el impacto del arte como herramienta de transformaci\u00f3n comunitaria.\u00a0<\/span><\/p>\n<p><span>La concejala del \u00e1rea, Kathaisa Rodr\u00edguez, subray\u00f3 que \u201ceste proyecto ha sido mucho m\u00e1s que un taller art\u00edstico. Ha sido un espacio para compartir, aprender y dejar huella desde el respeto y la creatividad\u201d. Asimismo, la concejal tambi\u00e9n agradeci\u00f3 la colaboraci\u00f3n de la Concejal\u00eda de Cultura por permitir desarrollar la actividad durante el marco de las fiestas de La Cebada, as\u00ed como la participaci\u00f3n de otras \u00e1reas municipales.<\/span><\/p>\n<p><span>Por su parte, el alcalde de P\u00e1jara, Alejandro Jorge, destac\u00f3 el impacto del proyecto dentro del festival y su valor educativo. \u201cEste tipo de iniciativas demuestran que la juventud tiene mucho que decir y aportar cuando se les ofrece un espacio para crear con libertad y compromiso. Desde el Ayuntamiento seguiremos impulsando proyectos que sumen cultura, participaci\u00f3n y valores, porque creemos en una sociedad m\u00e1s abierta, respetuosa y consciente\u201d, a\u00f1adi\u00f3.\u00a0<\/span><\/p>\n<p><span>Desde el Ayuntamiento se agradece la implicaci\u00f3n de todos los y las j\u00f3venes que han participado y se apuesta por seguir impulsando proyectos que unan arte y transformaci\u00f3n social.\u00a0<\/span><\/p>\n<\/div>\n","protected":false},"excerpt":{"rendered":"<p><i>M\u00e1s de 80 ni\u00f1os y ni\u00f1as participaron en el taller de graffiti y muralismo<\/i><\/p>\n","protected":false},"author":1,"featured_media":9704,"comment_status":"open","ping_status":"open","sticky":false,"template":"","format":"standard","meta":{"inline_featured_image":false,"jnews-multi-image_gallery":[],"jnews_single_post":[],"jnews_primary_category":[],"jnews_social_meta":[],"jnews_override_counter":[],"jnews_post_split":[],"footnotes":""},"categories":[63],"tags":[],"class_list":["post-9702","post","type-post","status-publish","format-standard","has-post-thumbnail","hentry","category-pajara"],"jetpack_featured_media_url":"https:\/\/informacionlocal.es\/wp-content\/uploads\/2025\/08\/whatsapp-image-2025-08-20-at-13-07-11-e1755782347240.jpeg","_links":{"self":[{"href":"https:\/\/informacionlocal.es\/en\/wp-json\/wp\/v2\/posts\/9702","targetHints":{"allow":["GET"]}}],"collection":[{"href":"https:\/\/informacionlocal.es\/en\/wp-json\/wp\/v2\/posts"}],"about":[{"href":"https:\/\/informacionlocal.es\/en\/wp-json\/wp\/v2\/types\/post"}],"author":[{"embeddable":true,"href":"https:\/\/informacionlocal.es\/en\/wp-json\/wp\/v2\/users\/1"}],"replies":[{"embeddable":true,"href":"https:\/\/informacionlocal.es\/en\/wp-json\/wp\/v2\/comments?post=9702"}],"version-history":[{"count":0,"href":"https:\/\/informacionlocal.es\/en\/wp-json\/wp\/v2\/posts\/9702\/revisions"}],"wp:featuredmedia":[{"embeddable":true,"href":"https:\/\/informacionlocal.es\/en\/wp-json\/wp\/v2\/media\/9704"}],"wp:attachment":[{"href":"https:\/\/informacionlocal.es\/en\/wp-json\/wp\/v2\/media?parent=9702"}],"wp:term":[{"taxonomy":"category","embeddable":true,"href":"https:\/\/informacionlocal.es\/en\/wp-json\/wp\/v2\/categories?post=9702"},{"taxonomy":"post_tag","embeddable":true,"href":"https:\/\/informacionlocal.es\/en\/wp-json\/wp\/v2\/tags?post=9702"}],"curies":[{"name":"wp","href":"https:\/\/api.w.org\/{rel}","templated":true}]}}