{"id":9666,"date":"2025-08-20T13:58:59","date_gmt":"2025-08-20T12:58:59","guid":{"rendered":"https:\/\/informacionlocal.es\/nueva-carniceria-en-antigua-tradicion-y-frescura-en-cada-corte\/"},"modified":"2025-08-20T13:58:59","modified_gmt":"2025-08-20T12:58:59","slug":"nueva-carniceria-en-antigua-tradicion-y-frescura-en-cada-corte","status":"publish","type":"post","link":"https:\/\/informacionlocal.es\/en\/nueva-carniceria-en-antigua-tradicion-y-frescura-en-cada-corte\/","title":{"rendered":"Nueva Carnicer\u00eda en Antigua Tradici\u00f3n y frescura en cada corte"},"content":{"rendered":"<div class=\"elementor-widget-container\">\n<p><strong>Nueva Carnicer\u00eda en Antigua Tradici\u00f3n y frescura en cada corte<\/strong><\/p>\n<p><strong>\u2022 La nueva Carnicer\u00eda Charcuter\u00eda Tradici\u00f3n y Frescura en cada corte, ofrece Cercan\u00eda y Buen Gusto junto a la plaza de Antigua. <\/strong><br \/><strong>\u2022 La pareja socia impulsora, con su experiencia y profesionalidad, de esta nueva Carnicer\u00eda Charcuter\u00eda en Antigua son Tanaus\u00fa Guti\u00e9rrez Alonso y Rosa San Blas Cabrera.<\/strong><br \/><strong>\u2022 Carne de cabra, cordero, ternera o cochino en el momento o por encargo llamando al 661495150.<\/strong><br \/><strong>\u2022 Horario ma\u00f1ana y tarde de martes a s\u00e1bado de 08:00 a 14:00 horas y domingos de 08:00 a 15:00 horas.<\/strong><\/p>\n<p>El alcalde, Mat\u00edas Pe\u00f1a Garc\u00eda y el concejal de Comercio, Giuseppe Signorino, han felicitado y dado la bienvenida a los socios impulsores de la apertura de la nueva Carnicer\u00eda Charcuter\u00eda junto a la plaza de Antigua, con el lema Tradici\u00f3n y frescura en cada corte.<\/p>\n<p>Un nuevo establecimiento en el centro del pueblo de Antigua, junto a la plaza principal, ofreciendo profesionalidad y el mejor corte en carnes de cabra, cordero, ternera o cochino negro, que pueden encargarse tambi\u00e9n con tiempo y por tel\u00e9fono, llamando al 661495150.<\/p>\n<p>No falta la charcuter\u00eda tradicional para completar un men\u00fa, un asadero o un buen puchero, con jam\u00f3n, tocino, chorizos, morcillas o lomo, adem\u00e1s de quesos majoreros, los m\u00e1s distinguidos y conocidos en nuestra tierra, junto con un peque\u00f1o mercadillo donde poder adquirir sacos de papa majorera, hortalizas y verduras locales kil\u00f3metro cero.<\/p>\n<p>La Carnicer\u00eda Antigua para completar la mesa, cubre las peticiones y ofrece un apartado de alimentaci\u00f3n de calidad, kil\u00f3metro cero y productos canarios, como mermeladas y mojos artesanales, pan de masa madre, mazacote y matalauva, zumos de tuno indio adem\u00e1s de vinos, refrescos, aperitivos y c\u00f3cteles.<\/p>\n<p>Una apuesta decidida de gente joven con proyecci\u00f3n de futuro y ganas de trabajar y ofrecer lo mejor, se\u00f1ala el alcalde, abren en el mejor momento, previo al inicio de las Fiestas de Antigua, tiempo de pucheros familiares y asaderos de amigos, y concluye, seguro tendr\u00e1n la mejor de las suertes en el que es su pueblo, Antigua.<\/p>\n<p>\u00a0<\/p>\n<\/div>\n","protected":false},"excerpt":{"rendered":"<p><strong>Nueva Carnicer\u00eda en Antigua Tradici\u00f3n y frescura en cada corte<\/strong><\/p>\n","protected":false},"author":1,"featured_media":9668,"comment_status":"open","ping_status":"open","sticky":false,"template":"","format":"standard","meta":{"inline_featured_image":false,"jnews-multi-image_gallery":[],"jnews_single_post":[],"jnews_primary_category":[],"jnews_social_meta":[],"jnews_override_counter":[],"jnews_post_split":[],"footnotes":""},"categories":[59],"tags":[],"class_list":["post-9666","post","type-post","status-publish","format-standard","has-post-thumbnail","hentry","category-antigua"],"jetpack_featured_media_url":"https:\/\/informacionlocal.es\/wp-content\/uploads\/2025\/08\/nueva-carniceria-antigua-tradicion-y-frescura-en-cada-corte-1-scaled-1.jpg","_links":{"self":[{"href":"https:\/\/informacionlocal.es\/en\/wp-json\/wp\/v2\/posts\/9666","targetHints":{"allow":["GET"]}}],"collection":[{"href":"https:\/\/informacionlocal.es\/en\/wp-json\/wp\/v2\/posts"}],"about":[{"href":"https:\/\/informacionlocal.es\/en\/wp-json\/wp\/v2\/types\/post"}],"author":[{"embeddable":true,"href":"https:\/\/informacionlocal.es\/en\/wp-json\/wp\/v2\/users\/1"}],"replies":[{"embeddable":true,"href":"https:\/\/informacionlocal.es\/en\/wp-json\/wp\/v2\/comments?post=9666"}],"version-history":[{"count":0,"href":"https:\/\/informacionlocal.es\/en\/wp-json\/wp\/v2\/posts\/9666\/revisions"}],"wp:featuredmedia":[{"embeddable":true,"href":"https:\/\/informacionlocal.es\/en\/wp-json\/wp\/v2\/media\/9668"}],"wp:attachment":[{"href":"https:\/\/informacionlocal.es\/en\/wp-json\/wp\/v2\/media?parent=9666"}],"wp:term":[{"taxonomy":"category","embeddable":true,"href":"https:\/\/informacionlocal.es\/en\/wp-json\/wp\/v2\/categories?post=9666"},{"taxonomy":"post_tag","embeddable":true,"href":"https:\/\/informacionlocal.es\/en\/wp-json\/wp\/v2\/tags?post=9666"}],"curies":[{"name":"wp","href":"https:\/\/api.w.org\/{rel}","templated":true}]}}