{"id":9642,"date":"2025-08-19T17:58:48","date_gmt":"2025-08-19T16:58:48","guid":{"rendered":"https:\/\/informacionlocal.es\/el-cabildo-y-el-gobierno-de-canarias-firman-un-nuevo-convenio-para-seguir-impulsando-la-actividad-del-parque-tecnologico-de-fuerteventura\/"},"modified":"2025-08-19T17:58:48","modified_gmt":"2025-08-19T16:58:48","slug":"el-cabildo-y-el-gobierno-de-canarias-firman-un-nuevo-convenio-para-seguir-impulsando-la-actividad-del-parque-tecnologico-de-fuerteventura","status":"publish","type":"post","link":"https:\/\/informacionlocal.es\/en\/el-cabildo-y-el-gobierno-de-canarias-firman-un-nuevo-convenio-para-seguir-impulsando-la-actividad-del-parque-tecnologico-de-fuerteventura\/","title":{"rendered":"El Cabildo y el Gobierno de Canarias firman un nuevo convenio para seguir impulsando la actividad del Parque Tecnol\u00f3gico de Fuerteventura"},"content":{"rendered":"<div class=\"entry-content\"><strong>19 agosto, 2025<\/strong><\/p>\n<p><strong><em>Se comprometen a facilitar financiaci\u00f3n y promocionar las actuaciones realizadas desde el Parque Tecnol\u00f3gico<\/em><\/strong><\/p>\n<p><strong>Martes, 19 de agosto\u00a0de 2025.-<\/strong><\/p>\n<p>El Cabildo de Fuerteventura ha suscrito un nuevo convenio de colaboraci\u00f3n con el Gobierno de Canarias para potenciar la actividad del Parque Tecnol\u00f3gico de Fuerteventura.<\/p>\n<p>El acuerdo fue suscrito hoy por la presidenta del Cabildo y del Consejo de Administraci\u00f3n del Parque Tecnol\u00f3gico, Lola Garc\u00eda, la consejera de Universidades, Ciencia e Innovaci\u00f3n y Cultura del ejecutivo regional, Migdalia Mach\u00edn, y Guayarmina Elisa Pe\u00f1a como consejera delegada ejecutiva del Instituto Tecnol\u00f3gico de Canarias (ITC).<\/p>\n<p>A trav\u00e9s de este convenio, Cabildo y Gobierno de Canarias renuevan su compromiso de buscar f\u00f3rmulas de financiaci\u00f3n para promover actuaciones y promocionar el Parque Tecnol\u00f3gico de Fuerteventura, con acciones que repercutan en beneficio de la sociedad canaria, en general, y de Fuerteventura, en particular. En la firma del acuerdo estuvieron presentes, adem\u00e1s, el consejero de Innovaci\u00f3n, Rayco de Le\u00f3n, y el gerente del Parque Tecnol\u00f3gico, Eduardo Pereira, el director de la Agencia Canaria de Investigaci\u00f3n, Innovaci\u00f3n y Sociedad de la Informaci\u00f3n del Gobierno de Canarias, Javier Franco.<\/p>\n<p>Seg\u00fan la presidenta insular, \u201cel Parque Tecnol\u00f3gico de Fuerteventura contin\u00faa consolid\u00e1ndose como referente internacional, impulsando proyectos enfocados a la b\u00fasqueda de soluciones innovadoras de servicio p\u00fablico que mejoren la calidad de vida de nuestros ciudadanos y ciudadanas\u201d. \u201cProyectos que permiten, a las empresas y centros de investigaci\u00f3n desarrollar aqu\u00ed su actividad, atrayendo inversi\u00f3n, generando empleo y diversificando la econom\u00eda majorera\u201d.<\/p>\n<p>Por este motivo, a\u00f1adi\u00f3 Garc\u00eda, el Cabildo destina casi un mill\u00f3n de euros de sus presupuestos de 2025 a la explotaci\u00f3n del Parque Tecnol\u00f3gico. \u201cDentro de este trabajo, es importante estrechar la colaboraci\u00f3n interadministrativa, por lo que damos continuidad a un convenio que fue suscrito por primera vez en 2017, y que viene a reforzar la colaboraci\u00f3n de las diferentes administraciones para impulsar un centro \u00fanico en Canarias\u201d.<\/p>\n<p>Migdalia Mach\u00edn apunt\u00f3 que \u201ceste convenio permite reforzar el papel del Parque Tecnol\u00f3gico de Fuerteventura dentro de la red de infraestructuras cient\u00edficas y de innovaci\u00f3n de Canarias, garantizando su proyecci\u00f3n m\u00e1s\u00a0all\u00e1\u00a0del\u00a0\u00e1mbito insular. La consejera ha destacado que\u00a0\u201cdesde el Gobierno de Canarias trabajamos para que el Parque forme parte de las estrategias de crecimiento inteligente y act\u00fae como punto de encuentro entre empresas, investigaci\u00f3n y formaci\u00f3n, atrayendo talento y proyectos de alto valor a\u00f1adido\u201d, haciendo hincapi\u00e9 en la importancia de la colaboraci\u00f3n institucional para asegurar que las inversiones y el conocimiento se traduzcan en resultados concretos que mejoren la vida de la ciudadan\u00eda y diversifiquen la econom\u00eda de Canarias.<\/p>\n<p>El consejero insular de Innovaci\u00f3n, Rayco de Le\u00f3n, ha destacado la importancia de seguir impulsando proyectos desde el Parque Tecnol\u00f3gico y dar a conocer a la ciudadan\u00eda las grandes oportunidades que supone tener un ecosistema innovador en Fuerteventura.<\/p>\n<\/div>\n","protected":false},"excerpt":{"rendered":"<p>19 agosto, 2025 Se comprometen a facilitar financiaci\u00f3n y promocionar las actuaciones realizadas desde el Parque Tecnol\u00f3gico Martes, 19 de agosto\u00a0de 2025.- El Cabildo de Fuerteventura ha suscrito un nuevo [&hellip;]<\/p>\n","protected":false},"author":1,"featured_media":9644,"comment_status":"open","ping_status":"open","sticky":false,"template":"","format":"standard","meta":{"inline_featured_image":false,"jnews-multi-image_gallery":[],"jnews_single_post":[],"jnews_primary_category":[],"jnews_social_meta":[],"jnews_override_counter":[],"jnews_post_split":[],"footnotes":""},"categories":[58],"tags":[334,82,180],"class_list":["post-9642","post","type-post","status-publish","format-standard","has-post-thumbnail","hentry","category-cabildo","tag-economia","tag-fuerteventura","tag-innovacion"],"jetpack_featured_media_url":"https:\/\/informacionlocal.es\/wp-content\/uploads\/2025\/08\/eerer.jpeg","_links":{"self":[{"href":"https:\/\/informacionlocal.es\/en\/wp-json\/wp\/v2\/posts\/9642","targetHints":{"allow":["GET"]}}],"collection":[{"href":"https:\/\/informacionlocal.es\/en\/wp-json\/wp\/v2\/posts"}],"about":[{"href":"https:\/\/informacionlocal.es\/en\/wp-json\/wp\/v2\/types\/post"}],"author":[{"embeddable":true,"href":"https:\/\/informacionlocal.es\/en\/wp-json\/wp\/v2\/users\/1"}],"replies":[{"embeddable":true,"href":"https:\/\/informacionlocal.es\/en\/wp-json\/wp\/v2\/comments?post=9642"}],"version-history":[{"count":0,"href":"https:\/\/informacionlocal.es\/en\/wp-json\/wp\/v2\/posts\/9642\/revisions"}],"wp:featuredmedia":[{"embeddable":true,"href":"https:\/\/informacionlocal.es\/en\/wp-json\/wp\/v2\/media\/9644"}],"wp:attachment":[{"href":"https:\/\/informacionlocal.es\/en\/wp-json\/wp\/v2\/media?parent=9642"}],"wp:term":[{"taxonomy":"category","embeddable":true,"href":"https:\/\/informacionlocal.es\/en\/wp-json\/wp\/v2\/categories?post=9642"},{"taxonomy":"post_tag","embeddable":true,"href":"https:\/\/informacionlocal.es\/en\/wp-json\/wp\/v2\/tags?post=9642"}],"curies":[{"name":"wp","href":"https:\/\/api.w.org\/{rel}","templated":true}]}}