{"id":9630,"date":"2025-08-19T16:04:14","date_gmt":"2025-08-19T15:04:14","guid":{"rendered":"https:\/\/informacionlocal.es\/el-cabildo-de-fuerteventura-apoya-la-celebracion-de-la-50-semana-de-la-juventud-de-gran-tarajal\/"},"modified":"2025-08-19T16:04:14","modified_gmt":"2025-08-19T15:04:14","slug":"el-cabildo-de-fuerteventura-apoya-la-celebracion-de-la-50-semana-de-la-juventud-de-gran-tarajal","status":"publish","type":"post","link":"https:\/\/informacionlocal.es\/en\/el-cabildo-de-fuerteventura-apoya-la-celebracion-de-la-50-semana-de-la-juventud-de-gran-tarajal\/","title":{"rendered":"El Cabildo de Fuerteventura apoya la celebraci\u00f3n de la 50 Semana de la Juventud de Gran Tarajal"},"content":{"rendered":"<div class=\"entry-content\"><strong>19 agosto, 2025<\/strong><\/p>\n<p><strong><em>M\u00e1s de medio centenar de<br \/>\npersonas en la inauguraci\u00f3n de esta festividad que cumple medio siglo con<br \/>\nactividades dedicadas a la juventud<\/em><\/strong><\/p>\n<p>Gran Tarajal comienza sus fiestas<br \/>\nen honor a la juventud, un punto de encuentro, durante cinco d\u00e9cadas, de varias<br \/>\ngeneraciones que han participado de manera activa en el desarrollo de<br \/>\nactividades culturales, musicales y deportivas que han llevado al<br \/>\nreconocimiento de la Semana de la Juventud como evento destacado en Canarias. <\/p>\n<p>Esta edici\u00f3n ha sido organizada<br \/>\npor el Ayuntamiento de Tuineje en<br \/>\ncolaboraci\u00f3n con la Direcci\u00f3n de\u00a0Juventud\u00a0del Gobierno<br \/>\nde Canarias, la Consejer\u00eda de\u00a0Juventud\u00a0del<br \/>\nCabildo de Fuerteventura, quien ha incrementado el presupuesto del convenio de<br \/>\ncolaboraci\u00f3n hasta los 16.000 euros,<br \/>\ny la Consejer\u00eda de Cultura de la Corporaci\u00f3n insular, \u00e1rea que ha impulsado la<br \/>\nexposici\u00f3n \u2018A\u00f1os de Sal: 50 a\u00f1os siendo j\u00f3venes\u2019 del fot\u00f3grafo Carlos de Sa\u00e1.<\/p>\n<p>El acto inaugural comenz\u00f3 con el recuerdo de<br \/>\nlas personas que formaron la primera comisi\u00f3n y pusieron en marcha este<br \/>\nreferente de participaci\u00f3n juvenil en Canarias mediante el impulso de la recordada<br \/>\nCharo Prado. Este evento reuni\u00f3 a m\u00e1s de un centenar de personas, las cuales han<br \/>\nparticipado directamente en la Semana de la Juventud a trav\u00e9s de sus comisiones<br \/>\norganizadoras en estos 50 a\u00f1os de historia.<\/p>\n<p>En la ceremonia de presentaci\u00f3n estuvieron presentes la presidenta<br \/>\ninsular, Lola Garc\u00eda, el consejero de Juventud del Cabildo de Fuerteventura,<br \/>\nAdargoma Hern\u00e1ndez, el viceconsejero de Cultura del Gobierno de Canarias,<br \/>\nHoracio Umpi\u00e9rrez, la alcaldesa de Tuineje, Candelaria Umpi\u00e9rrez, y el concejal<br \/>\nde Juventud del municipio, David Herrera, y el concejal del Participaci\u00f3n<br \/>\nciudadana de Tuineje, Pedro Rodr\u00edguez.<\/p>\n<p>Esta edici\u00f3n se desarrollar\u00e1 del 18 al 31 de agosto incluyendo un programa amplio con actividades para<br \/>\ntodos los p\u00fablicos y estilos. Destaca el Summer Sound Festival con la actuaci\u00f3n<br \/>\nde\u00a0La Regadera, Renzzo, Mejor con Copas, La<br \/>\nBanda del Cuco o Saylen, entre otros artistas.<\/p>\n<p>Uno de los actos principales es el \u2018Orgullo<br \/>\nCanario Urban Fest\u2019, el pr\u00f3ximo 28 de agosto en<br \/>\nel recinto ferial, con La Pantera como cabeza de cartel.<\/p>\n<p>El broche final corre a cargo de las<br \/>\nactuaciones de Nuevo Klan, Klandestino y DJ<br \/>\nValdi de \u2018El Hormiguero\u2019 para dar paso a la batucada.<\/p>\n<\/div>\n","protected":false},"excerpt":{"rendered":"<p>19 agosto, 2025 M\u00e1s de medio centenar de personas en la inauguraci\u00f3n de esta festividad que cumple medio siglo con actividades dedicadas a la juventud Gran Tarajal comienza sus fiestas [&hellip;]<\/p>\n","protected":false},"author":1,"featured_media":9632,"comment_status":"open","ping_status":"open","sticky":false,"template":"","format":"standard","meta":{"inline_featured_image":false,"jnews-multi-image_gallery":[],"jnews_single_post":[],"jnews_primary_category":[],"jnews_social_meta":[],"jnews_override_counter":[],"jnews_post_split":[],"footnotes":""},"categories":[58],"tags":[82],"class_list":["post-9630","post","type-post","status-publish","format-standard","has-post-thumbnail","hentry","category-cabildo","tag-fuerteventura"],"jetpack_featured_media_url":"https:\/\/informacionlocal.es\/wp-content\/uploads\/2025\/08\/1755604870-8cd5686aa4b5ff3285b921f72d6fea13.jpg","_links":{"self":[{"href":"https:\/\/informacionlocal.es\/en\/wp-json\/wp\/v2\/posts\/9630","targetHints":{"allow":["GET"]}}],"collection":[{"href":"https:\/\/informacionlocal.es\/en\/wp-json\/wp\/v2\/posts"}],"about":[{"href":"https:\/\/informacionlocal.es\/en\/wp-json\/wp\/v2\/types\/post"}],"author":[{"embeddable":true,"href":"https:\/\/informacionlocal.es\/en\/wp-json\/wp\/v2\/users\/1"}],"replies":[{"embeddable":true,"href":"https:\/\/informacionlocal.es\/en\/wp-json\/wp\/v2\/comments?post=9630"}],"version-history":[{"count":0,"href":"https:\/\/informacionlocal.es\/en\/wp-json\/wp\/v2\/posts\/9630\/revisions"}],"wp:featuredmedia":[{"embeddable":true,"href":"https:\/\/informacionlocal.es\/en\/wp-json\/wp\/v2\/media\/9632"}],"wp:attachment":[{"href":"https:\/\/informacionlocal.es\/en\/wp-json\/wp\/v2\/media?parent=9630"}],"wp:term":[{"taxonomy":"category","embeddable":true,"href":"https:\/\/informacionlocal.es\/en\/wp-json\/wp\/v2\/categories?post=9630"},{"taxonomy":"post_tag","embeddable":true,"href":"https:\/\/informacionlocal.es\/en\/wp-json\/wp\/v2\/tags?post=9630"}],"curies":[{"name":"wp","href":"https:\/\/api.w.org\/{rel}","templated":true}]}}