{"id":9584,"date":"2025-08-14T21:58:23","date_gmt":"2025-08-14T20:58:23","guid":{"rendered":"https:\/\/informacionlocal.es\/el-ayuntamiento-de-pajara-recupera-la-semana-de-la-juventud-bironeando-la-lajita\/"},"modified":"2025-08-14T21:58:23","modified_gmt":"2025-08-14T20:58:23","slug":"el-ayuntamiento-de-pajara-recupera-la-semana-de-la-juventud-bironeando-la-lajita","status":"publish","type":"post","link":"https:\/\/informacionlocal.es\/en\/el-ayuntamiento-de-pajara-recupera-la-semana-de-la-juventud-bironeando-la-lajita\/","title":{"rendered":"El Ayuntamiento de P\u00e1jara recupera la Semana de la Juventud Bironeando La Lajita"},"content":{"rendered":"<div class=\"entry-content\">\n<p><b><i>Del 25 al 31 de agosto, la localidad acoger\u00e1 una semana de actividades deportivas y recreativas para todos los j\u00f3venes\u00a0<\/i><\/b><\/p>\n<p><span>El Ayuntamiento de P\u00e1jara, a trav\u00e9s de la Concejal\u00eda de Juventud y la Agrupaci\u00f3n Los Birones, y con la colaboraci\u00f3n de la Concejal\u00eda de Deportes, anuncia el regreso de la Semana de la Juventud Bironeando La Lajita, una iniciativa que lleva a\u00f1os sin celebrarse y que este verano vuelve a formar parte del calendario juvenil del municipio.\u00a0<\/span><\/p>\n<p><span>El evento tendr\u00e1 lugar del 25 al 31 de agosto en La Lajita, con el objetivo de ofrecer a la poblaci\u00f3n joven un espacio de encuentro, participaci\u00f3n y ocio saludable. La programaci\u00f3n combina actividades deportivas y recreativas dise\u00f1adas para incentivar la implicaci\u00f3n activa de los j\u00f3venes y dinamizar la vida social.\u00a0<\/span><\/p>\n<p><span>El concejal de Juventud, Juan Jos\u00e9 Viera, destaca el compromiso de la corporaci\u00f3n municipal con los j\u00f3venes. \u201cLa vuelta de la Semana de la Juventud es una muestra clara de que seguimos apostando por nuestros j\u00f3venes, ofreci\u00e9ndoles espacios donde puedan expresarse, convivir y disfrutar de actividades\u201d, afirma.\u00a0<\/span><\/p>\n<p><span>Asimismo, el concejal invita a toda la juventud del municipio a sumarse y participar \u201cen una programaci\u00f3n pensada para disfrutar, compartir y vivir el verano de una forma diferente\u201d.\u00a0<\/span><\/p>\n<p><span>Por su parte, el concejal de Deportes, Jos\u00e9 Benito Alonso, subraya que \u201cdesde la Concejal\u00eda hemos apoyado esta propuesta con el objetivo de seguir promoviendo la pr\u00e1ctica de actividad f\u00edsica entre los j\u00f3venes, en contexto l\u00fadico y participativo\u201d.\u00a0<\/span><\/p>\n<p><span>Las actividades dar\u00e1n comienzo cada d\u00eda a partir de las 16:00 horas e incluir\u00e1n diversas actividades como pirag\u00fcismo, v\u00f3ley playa, f\u00fatbol playa, p\u00e1del surf, talleres de manualidades, juegos de mesa, colchonetas de agua y zonas infantiles con colchonetas, ofreciendo opciones para todas las edades en un entorno din\u00e1mico.\u00a0<\/span><\/p>\n<p><span>Adem\u00e1s, la semana contar\u00e1 con m\u00fasica ambiente todos los d\u00edas y actividades especiales como el Cine de Verano los d\u00edas 25 y 27 de agosto a partir de las 21:00 horas, junto a la cofrad\u00eda de pescadores; el bingo \u2018Bingoreando\u2019 el 28 de agosto a las 19:00 horas; el 30 de agosto, desde las 14:00 horas, se llevar\u00e1 a cabo una gran paella popular acompa\u00f1ada de m\u00fasica en directo y la fiesta de la espuma y, a partir de las 20:00 horas, la actuaci\u00f3n del Dj Naupe. Para cerrar la semana, el 31 de agosto habr\u00e1 una salida al Acua Water Park en Corralejo.\u00a0<\/span><\/p>\n<p><span>Las personas que est\u00e9n interesadas en participar en la excursi\u00f3n al parque acu\u00e1tico podr\u00e1n obtener m\u00e1s informaci\u00f3n e inscribirse en el Bazar los Pepes o llamando al 696381475 o 685110712.<\/span><\/p>\n<p><img fetchpriority=\"high\" decoding=\"async\" class=\"alignnone size-medium wp-image-20765\" src=\"https:\/\/informacionlocal.es\/wp-content\/uploads\/2025\/08\/94a9918e-fbd3-4b8a-b773-378f3e585024-212x300-1.jpg\" width=\"212\" height=\"300\" title=\"94a9918e-fbd3-4b8a-b773-378f3e585024-212x300-1\"><img decoding=\"async\" class=\"alignnone size-medium wp-image-20764\" src=\"https:\/\/informacionlocal.es\/wp-content\/uploads\/2025\/08\/5f3168e9-9f90-48d8-8b78-6b39e192292d-212x300-1.jpg\" width=\"212\" height=\"300\" title=\"5f3168e9-9f90-48d8-8b78-6b39e192292d-212x300-1\"><\/p>\n<\/div>\n","protected":false},"excerpt":{"rendered":"<p><i>Del 25 al 31 de agosto, la localidad acoger\u00e1 una semana de actividades deportivas y recreativas para todos los j\u00f3venes\u00a0<\/i><\/p>\n","protected":false},"author":1,"featured_media":9586,"comment_status":"open","ping_status":"open","sticky":false,"template":"","format":"standard","meta":{"inline_featured_image":false,"jnews-multi-image_gallery":[],"jnews_single_post":[],"jnews_primary_category":[],"jnews_social_meta":[],"jnews_override_counter":[],"jnews_post_split":[],"footnotes":""},"categories":[63],"tags":[],"class_list":["post-9584","post","type-post","status-publish","format-standard","has-post-thumbnail","hentry","category-pajara"],"jetpack_featured_media_url":"https:\/\/informacionlocal.es\/wp-content\/uploads\/2025\/08\/94a9918e-fbd3-4b8a-b773-378f3e585024.jpg","_links":{"self":[{"href":"https:\/\/informacionlocal.es\/en\/wp-json\/wp\/v2\/posts\/9584","targetHints":{"allow":["GET"]}}],"collection":[{"href":"https:\/\/informacionlocal.es\/en\/wp-json\/wp\/v2\/posts"}],"about":[{"href":"https:\/\/informacionlocal.es\/en\/wp-json\/wp\/v2\/types\/post"}],"author":[{"embeddable":true,"href":"https:\/\/informacionlocal.es\/en\/wp-json\/wp\/v2\/users\/1"}],"replies":[{"embeddable":true,"href":"https:\/\/informacionlocal.es\/en\/wp-json\/wp\/v2\/comments?post=9584"}],"version-history":[{"count":0,"href":"https:\/\/informacionlocal.es\/en\/wp-json\/wp\/v2\/posts\/9584\/revisions"}],"wp:featuredmedia":[{"embeddable":true,"href":"https:\/\/informacionlocal.es\/en\/wp-json\/wp\/v2\/media\/9586"}],"wp:attachment":[{"href":"https:\/\/informacionlocal.es\/en\/wp-json\/wp\/v2\/media?parent=9584"}],"wp:term":[{"taxonomy":"category","embeddable":true,"href":"https:\/\/informacionlocal.es\/en\/wp-json\/wp\/v2\/categories?post=9584"},{"taxonomy":"post_tag","embeddable":true,"href":"https:\/\/informacionlocal.es\/en\/wp-json\/wp\/v2\/tags?post=9584"}],"curies":[{"name":"wp","href":"https:\/\/api.w.org\/{rel}","templated":true}]}}