{"id":9572,"date":"2025-08-14T18:58:29","date_gmt":"2025-08-14T17:58:29","guid":{"rendered":"https:\/\/informacionlocal.es\/el-cabildo-de-fuerteventura-pide-extremar-la-vigilancia-ante-la-filoxera-de-la-vid-presente-en-tenerife\/"},"modified":"2025-08-14T18:58:29","modified_gmt":"2025-08-14T17:58:29","slug":"el-cabildo-de-fuerteventura-pide-extremar-la-vigilancia-ante-la-filoxera-de-la-vid-presente-en-tenerife","status":"publish","type":"post","link":"https:\/\/informacionlocal.es\/en\/el-cabildo-de-fuerteventura-pide-extremar-la-vigilancia-ante-la-filoxera-de-la-vid-presente-en-tenerife\/","title":{"rendered":"El Cabildo de Fuerteventura pide extremar la vigilancia ante la filoxera de la vid, presente en Tenerife"},"content":{"rendered":"<div class=\"entry-content\"><strong>14 agosto, 2025<\/strong><\/p>\n<p><em><strong>Aunque no se han detectado casos en la isla majorera, se pide a agricultores y viticultores la m\u00e1xima vigilancia y avisar con rapidez en el caso de detectar alg\u00fan s\u00edntoma<\/strong><\/em><\/p>\n<p>A finales de este mes de julio, el Gobierno de Canarias y Cabildo de Tenerife detectaron brotes de filoxera de la vid (<em>Daktulosphaira vitifoliae<\/em>) en la zona de Valle Guerra (La Laguna, Tenerife). Aunque no se han detectado casos hasta ahora en Fuerteventura, y en vista de la gravedad y presencia reciente de la plaga en Tenerife, la Consejer\u00eda de Agricultura, Ganader\u00eda y Pesca del Cabildo de Fuerteventura pide a agricultores y viticultores que extremen la vigilancia en sus cultivos e informen sin demora en el caso de observar s\u00edntomas compatibles con filoxera en la Isla. Esta medida preventiva, permitir\u00e1 una r\u00e1pida activaci\u00f3n del protocolo fitosanitario correspondiente, si fuera necesario.<\/p>\n<p>Los agricultores y viticultores pueden comunicar esta posible incidencia en la Unidad de Agricultura, Ganader\u00eda y Pesca ubicada en Puerto del Rosario, a trav\u00e9s de los tel\u00e9fonos 928 532 035 o 928 531 184, as\u00ed como los emails\u00a0agricultura@cabildofuer.es\u00a0o\u00a0ganaderia@cabildofuer.es<\/p>\n<p>Tambi\u00e9n pueden comunicarlo en la Agencia de Agricultura, Ganader\u00eda y Pesca en Gran Tarajal, en el tel\u00e9fono 928 870 782 o el email\u00a0ext_gt@cabildofuer.es<\/p>\n<p>La Corporaci\u00f3n insular hace hincapi\u00e9 en que no existen indicios de la presencia de este par\u00e1sito en Fuerteventura, pero es conveniente establecer medidas de prevenci\u00f3n para que, en el caso de que fuera necesario, establecer una r\u00e1pida activaci\u00f3n del protocolo de actuaci\u00f3n.<\/p>\n<p>La filoxera es un insecto par\u00e1sito que ataca ra\u00edces y, en algunos casos, hojas, debilitando progresivamente la planta hasta su muerte en un plazo de 2 a 5 a\u00f1os si no se act\u00faa r\u00e1pidamente. Aunque no afecta la calidad ni el sabor del vino, su expansi\u00f3n representa una amenaza real al vi\u00f1edo canario, con consecuencias econ\u00f3micas, agr\u00edcolas y paisaj\u00edsticas severas.<\/p>\n<p>Se pide a los agricultores vigilar muy atentamente sus vi\u00f1edos por s\u00edntomas como agallas o n\u00f3dulos en ra\u00edces, lesiones o protuberancias en hojas y debilitamiento general de la planta. Si se observa cualquier signo sospechoso, es preciso avisar de inmediato, incluso ante sospechas sin confirmar. \u00a0<\/p>\n<p>Asimismo, se ruega que no trasladen herramientas, tierra o material vegetal entre parcelas, ya que la plaga puede prolongarse f\u00e1cilmente con estos medios.<\/p>\n<\/div>\n","protected":false},"excerpt":{"rendered":"<p>14 agosto, 2025 Aunque no se han detectado casos en la isla majorera, se pide a agricultores y viticultores la m\u00e1xima vigilancia y avisar con rapidez en el caso de [&hellip;]<\/p>\n","protected":false},"author":1,"featured_media":9574,"comment_status":"open","ping_status":"open","sticky":false,"template":"","format":"standard","meta":{"inline_featured_image":false,"jnews-multi-image_gallery":[],"jnews_single_post":[],"jnews_primary_category":[],"jnews_social_meta":[],"jnews_override_counter":[],"jnews_post_split":[],"footnotes":""},"categories":[58],"tags":[],"class_list":["post-9572","post","type-post","status-publish","format-standard","has-post-thumbnail","hentry","category-cabildo"],"jetpack_featured_media_url":"https:\/\/informacionlocal.es\/wp-content\/uploads\/2025\/08\/filoxera.png","_links":{"self":[{"href":"https:\/\/informacionlocal.es\/en\/wp-json\/wp\/v2\/posts\/9572","targetHints":{"allow":["GET"]}}],"collection":[{"href":"https:\/\/informacionlocal.es\/en\/wp-json\/wp\/v2\/posts"}],"about":[{"href":"https:\/\/informacionlocal.es\/en\/wp-json\/wp\/v2\/types\/post"}],"author":[{"embeddable":true,"href":"https:\/\/informacionlocal.es\/en\/wp-json\/wp\/v2\/users\/1"}],"replies":[{"embeddable":true,"href":"https:\/\/informacionlocal.es\/en\/wp-json\/wp\/v2\/comments?post=9572"}],"version-history":[{"count":0,"href":"https:\/\/informacionlocal.es\/en\/wp-json\/wp\/v2\/posts\/9572\/revisions"}],"wp:featuredmedia":[{"embeddable":true,"href":"https:\/\/informacionlocal.es\/en\/wp-json\/wp\/v2\/media\/9574"}],"wp:attachment":[{"href":"https:\/\/informacionlocal.es\/en\/wp-json\/wp\/v2\/media?parent=9572"}],"wp:term":[{"taxonomy":"category","embeddable":true,"href":"https:\/\/informacionlocal.es\/en\/wp-json\/wp\/v2\/categories?post=9572"},{"taxonomy":"post_tag","embeddable":true,"href":"https:\/\/informacionlocal.es\/en\/wp-json\/wp\/v2\/tags?post=9572"}],"curies":[{"name":"wp","href":"https:\/\/api.w.org\/{rel}","templated":true}]}}