{"id":9536,"date":"2025-08-13T20:00:23","date_gmt":"2025-08-13T19:00:23","guid":{"rendered":"https:\/\/informacionlocal.es\/vuelve-a-la-casa-de-la-cultura-de-puerto-del-rosario-la-exposicion-a-contracultura\/"},"modified":"2025-08-13T20:00:23","modified_gmt":"2025-08-13T19:00:23","slug":"vuelve-a-la-casa-de-la-cultura-de-puerto-del-rosario-la-exposicion-a-contracultura","status":"publish","type":"post","link":"https:\/\/informacionlocal.es\/en\/vuelve-a-la-casa-de-la-cultura-de-puerto-del-rosario-la-exposicion-a-contracultura\/","title":{"rendered":"Vuelve a la Casa de la Cultura de Puerto del Rosario la exposici\u00f3n \u201cA contracultura\u201d"},"content":{"rendered":"<div class=\"entry-content\">\n<p>El Ayuntamiento de Puerto del Rosario, a trav\u00e9s de la Concejal\u00eda de Cultura,\u00a0 acoge el <strong>lunes, 01 de septiembre, a las 20:00 h., la inauguraci\u00f3n de la exposici\u00f3n \u201cA contracultura\u201d en la Casa de la Cultura<\/strong> (C\/ Ramiro de Maeztu, 2. Frente a la Biblioteca Municipal), con entrada gratuita, y que estar\u00e1 expuesta hasta el 25 de septiembre.<\/p>\n<p>Diferentes artistas muestran sus obras de fotograf\u00eda, pintura, cer\u00e1mica y escultura en un tributo a lo que fue el movimiento contracultural vinculado a las postrimer\u00edas de la transici\u00f3n pol\u00edtica y cultural que vivi\u00f3 Espa\u00f1a a partir del \u00faltimo cuarto de siglo pasado, en los a\u00f1os 80.<\/p>\n<p>Hasta el 26 de agosto, contin\u00faa abierto el plazo para que los artistas, residentes en Canarias, puedan ceder sus creaciones art\u00edsticas en las instalaciones de la Casa de la Cultura, siendo objeto de devoluci\u00f3n una vez finalizada la exposici\u00f3n, salvo que autorice y formalice la venta a particulares en los t\u00e9rminos que el mismo establezca. Hasta el momento se han recibido m\u00e1s de una decena de obras.<\/p>\n<p>La obra deber\u00e1 incorporar una rese\u00f1a con t\u00edtulo, autor y explicaci\u00f3n sucinta de la misma.<\/p>\n<p>Para el <strong>alcalde, David de Vera,<\/strong> \u201ces una buena oportunidad para disfrutar de las diferentes obras que se van a exponer y marcaron una \u00e9poca dorada, en diferentes \u00e1mbitos, de la cultura art\u00edstica de una generaci\u00f3n\u201d.<\/p>\n<p>El <strong>concejal de Cultura, Juan Manuel Verdugo, <\/strong>invitaba a los artistas \u201ca participar en esta iniciativa que tan buenos resultados ha dado en anteriores ediciones y donde se muestra el talento de los artistas, en diferentes disciplinas como la fotograf\u00eda, pintura, cer\u00e1mica y escultura\u201d.<\/p>\n<\/div>\n","protected":false},"excerpt":{"rendered":"<p>El Ayuntamiento de Puerto del Rosario, a trav\u00e9s de la Concejal\u00eda de Cultura,\u00a0 acoge el lunes, 01 de septiembre, a las 20:00 h., la inauguraci\u00f3n de la exposici\u00f3n \u201cA contracultura\u201d [&hellip;]<\/p>\n","protected":false},"author":1,"featured_media":9538,"comment_status":"open","ping_status":"open","sticky":false,"template":"","format":"standard","meta":{"inline_featured_image":false,"jnews-multi-image_gallery":[],"jnews_single_post":[],"jnews_primary_category":[],"jnews_social_meta":[],"jnews_override_counter":[],"jnews_post_split":[],"footnotes":""},"categories":[61],"tags":[],"class_list":["post-9536","post","type-post","status-publish","format-standard","has-post-thumbnail","hentry","category-puerto-del-rosario"],"jetpack_featured_media_url":"https:\/\/informacionlocal.es\/wp-content\/uploads\/2025\/08\/casa-22-de-la-cultura-fachada-2.jpg","_links":{"self":[{"href":"https:\/\/informacionlocal.es\/en\/wp-json\/wp\/v2\/posts\/9536","targetHints":{"allow":["GET"]}}],"collection":[{"href":"https:\/\/informacionlocal.es\/en\/wp-json\/wp\/v2\/posts"}],"about":[{"href":"https:\/\/informacionlocal.es\/en\/wp-json\/wp\/v2\/types\/post"}],"author":[{"embeddable":true,"href":"https:\/\/informacionlocal.es\/en\/wp-json\/wp\/v2\/users\/1"}],"replies":[{"embeddable":true,"href":"https:\/\/informacionlocal.es\/en\/wp-json\/wp\/v2\/comments?post=9536"}],"version-history":[{"count":0,"href":"https:\/\/informacionlocal.es\/en\/wp-json\/wp\/v2\/posts\/9536\/revisions"}],"wp:featuredmedia":[{"embeddable":true,"href":"https:\/\/informacionlocal.es\/en\/wp-json\/wp\/v2\/media\/9538"}],"wp:attachment":[{"href":"https:\/\/informacionlocal.es\/en\/wp-json\/wp\/v2\/media?parent=9536"}],"wp:term":[{"taxonomy":"category","embeddable":true,"href":"https:\/\/informacionlocal.es\/en\/wp-json\/wp\/v2\/categories?post=9536"},{"taxonomy":"post_tag","embeddable":true,"href":"https:\/\/informacionlocal.es\/en\/wp-json\/wp\/v2\/tags?post=9536"}],"curies":[{"name":"wp","href":"https:\/\/api.w.org\/{rel}","templated":true}]}}