{"id":9494,"date":"2025-08-12T17:58:42","date_gmt":"2025-08-12T16:58:42","guid":{"rendered":"https:\/\/informacionlocal.es\/el-cabildo-desactiva-el-pein-tras-la-actualizacion-de-la-alerta-meteorologica\/"},"modified":"2025-08-12T17:58:42","modified_gmt":"2025-08-12T16:58:42","slug":"el-cabildo-desactiva-el-pein-tras-la-actualizacion-de-la-alerta-meteorologica","status":"publish","type":"post","link":"https:\/\/informacionlocal.es\/en\/el-cabildo-desactiva-el-pein-tras-la-actualizacion-de-la-alerta-meteorologica\/","title":{"rendered":"El Cabildo desactiva el PEIN tras la actualizaci\u00f3n de la alerta meteorol\u00f3gica"},"content":{"rendered":"<div class=\"entry-content\"><strong>12 agosto, 2025<\/strong><\/p>\n<p><em><strong>La Consejer\u00eda de Seguridad y Emergencias ruega que se sigan tomando precauciones, ya que las temperaturas seguir\u00e1n siendo m\u00e1s elevadas que las habituales, manteni\u00e9ndose la situaci\u00f3n de \u2018alerta\u2019<\/strong><\/em><\/p>\n<p>El Cabildo de Fuerteventura ha procedido a desactivar el Plan Territorial Insular de Emergencias de Protecci\u00f3n Civil de Isla de Fuerteventura (PEIN), tras la actualizaci\u00f3n de la alerta meteorol\u00f3gica por parte de la Direcci\u00f3n General de Emergencias del Gobierno de Canarias.<\/p>\n<p>De esta manera, la Corporaci\u00f3n insular desactiva el PEIN, que se encontraba vigente desde el pasado 9 de agosto en fase de preemergencia debido a la alerta m\u00e1xima por temperaturas m\u00e1ximas.<\/p>\n<p>Aun as\u00ed, Fuerteventura contin\u00faa en situaci\u00f3n de alerta, esper\u00e1ndose temperaturas por encima de las habituales, por lo que la Consejer\u00eda de Seguridad y Emergencias pide a la poblaci\u00f3n que sigan tomando las precauciones pertinentes, especialmente las personas vulnerables, y seguir la recomendaciones de autoprotecci\u00f3n de la Direcci\u00f3n General de Emergencias:\u00a0\u00a0https:\/\/www.gobiernodecanarias.org\/emergencias\/alertas\/Alerta_vigente.html<\/p>\n<\/div>\n","protected":false},"excerpt":{"rendered":"<p>12 agosto, 2025 La Consejer\u00eda de Seguridad y Emergencias ruega que se sigan tomando precauciones, ya que las temperaturas seguir\u00e1n siendo m\u00e1s elevadas que las habituales, manteni\u00e9ndose la situaci\u00f3n de [&hellip;]<\/p>\n","protected":false},"author":1,"featured_media":9496,"comment_status":"open","ping_status":"open","sticky":false,"template":"","format":"standard","meta":{"inline_featured_image":false,"jnews-multi-image_gallery":[],"jnews_single_post":[],"jnews_primary_category":[],"jnews_social_meta":[],"jnews_override_counter":[],"jnews_post_split":[],"footnotes":""},"categories":[58],"tags":[82],"class_list":["post-9494","post","type-post","status-publish","format-standard","has-post-thumbnail","hentry","category-cabildo","tag-fuerteventura"],"jetpack_featured_media_url":"https:\/\/informacionlocal.es\/wp-content\/uploads\/2025\/08\/tmtyg.png","_links":{"self":[{"href":"https:\/\/informacionlocal.es\/en\/wp-json\/wp\/v2\/posts\/9494","targetHints":{"allow":["GET"]}}],"collection":[{"href":"https:\/\/informacionlocal.es\/en\/wp-json\/wp\/v2\/posts"}],"about":[{"href":"https:\/\/informacionlocal.es\/en\/wp-json\/wp\/v2\/types\/post"}],"author":[{"embeddable":true,"href":"https:\/\/informacionlocal.es\/en\/wp-json\/wp\/v2\/users\/1"}],"replies":[{"embeddable":true,"href":"https:\/\/informacionlocal.es\/en\/wp-json\/wp\/v2\/comments?post=9494"}],"version-history":[{"count":0,"href":"https:\/\/informacionlocal.es\/en\/wp-json\/wp\/v2\/posts\/9494\/revisions"}],"wp:featuredmedia":[{"embeddable":true,"href":"https:\/\/informacionlocal.es\/en\/wp-json\/wp\/v2\/media\/9496"}],"wp:attachment":[{"href":"https:\/\/informacionlocal.es\/en\/wp-json\/wp\/v2\/media?parent=9494"}],"wp:term":[{"taxonomy":"category","embeddable":true,"href":"https:\/\/informacionlocal.es\/en\/wp-json\/wp\/v2\/categories?post=9494"},{"taxonomy":"post_tag","embeddable":true,"href":"https:\/\/informacionlocal.es\/en\/wp-json\/wp\/v2\/tags?post=9494"}],"curies":[{"name":"wp","href":"https:\/\/api.w.org\/{rel}","templated":true}]}}