{"id":9464,"date":"2025-08-11T19:58:43","date_gmt":"2025-08-11T18:58:43","guid":{"rendered":"https:\/\/informacionlocal.es\/antigua-embellece-la-fachada-de-la-iglesia-de-valles-de-ortega-casillas-de-morales\/"},"modified":"2025-08-11T19:58:43","modified_gmt":"2025-08-11T18:58:43","slug":"antigua-embellece-la-fachada-de-la-iglesia-de-valles-de-ortega-casillas-de-morales","status":"publish","type":"post","link":"https:\/\/informacionlocal.es\/en\/antigua-embellece-la-fachada-de-la-iglesia-de-valles-de-ortega-casillas-de-morales\/","title":{"rendered":"Antigua embellece la fachada de la Iglesia de Valles de Ortega \u2013 Casillas de Morales"},"content":{"rendered":"<div class=\"elementor-widget-container\">\n<p><strong>Antigua embellece la fachada de la Iglesia de Valles de Ortega \u2013 Casillas de Morales<\/strong><\/p>\n<p><strong>\u2022 El Ayuntamiento de Antigua ejecuta la limpieza del entorno y embellecimiento de la Iglesia en una actuaci\u00f3n conjunta de la concejal\u00eda de Obras y Servicios y la concejal\u00eda de Patrimonio Hist\u00f3rico.<\/strong><\/p>\n<p>El Ayuntamiento de Antigua ejecuta en estos d\u00edas una limpieza especial de todos los accesos a Valles de Ortega que incluye la poda de palmeras en el entorno del pueblo y especialmente alrededores de la Iglesia, en una actuaci\u00f3n de las concejal\u00edas que dirige Juan Cabrera, de Obras y Servicios, Medio Ambiente, Parques y Jardines.<\/p>\n<p>Adem\u00e1s, esta semana y coordinando la actuaci\u00f3n con la concejal\u00eda de Patrimonio Hist\u00f3rico que dirige la concejala Sandra Torres, se act\u00faa en el embellecimiento de la Iglesia de Valles de Ortega y Casillas de Morales, pintando y adecentando la fachada de la Iglesia que protagoniza estos d\u00edas los actos festivos en Honor a San Roque.<\/p>\n<p>El Ayuntamiento de Antigua durante todo el a\u00f1o desarrolla labores de limpieza, embellecimiento y arreglo de caminos durante todo el a\u00f1o, afirma el alcalde, Mat\u00edas Pe\u00f1a, intensificando estas labores especialmente durante el verano por causar menos molestias a vecinos y vecinas de viviendas cercanas, y coincidiendo con las fiestas patronales, despejando pasos, accesos e incluso como en este caso acondicionando parroquias e iglesias de cada pueblo.<\/p>\n<p>Las actuaciones recorren cada pueblo y localidad, priorizando las zonas m\u00e1s afectadas o con necesidades puntuales demandas por los propios residentes de cada lugar.<\/p>\n<\/div>\n","protected":false},"excerpt":{"rendered":"<p><strong>Antigua embellece la fachada de la Iglesia de Valles de Ortega \u2013 Casillas de Morales<\/strong><\/p>\n","protected":false},"author":1,"featured_media":9466,"comment_status":"open","ping_status":"open","sticky":false,"template":"","format":"standard","meta":{"inline_featured_image":false,"jnews-multi-image_gallery":[],"jnews_single_post":[],"jnews_primary_category":[],"jnews_social_meta":[],"jnews_override_counter":[],"jnews_post_split":[],"footnotes":""},"categories":[59],"tags":[76],"class_list":["post-9464","post","type-post","status-publish","format-standard","has-post-thumbnail","hentry","category-antigua","tag-medio-ambiente"],"jetpack_featured_media_url":"https:\/\/informacionlocal.es\/wp-content\/uploads\/2025\/08\/antigua-embellece-la-iglesia-de-valles-de-ortega-y-casillas-de-morales-1.jpg","_links":{"self":[{"href":"https:\/\/informacionlocal.es\/en\/wp-json\/wp\/v2\/posts\/9464","targetHints":{"allow":["GET"]}}],"collection":[{"href":"https:\/\/informacionlocal.es\/en\/wp-json\/wp\/v2\/posts"}],"about":[{"href":"https:\/\/informacionlocal.es\/en\/wp-json\/wp\/v2\/types\/post"}],"author":[{"embeddable":true,"href":"https:\/\/informacionlocal.es\/en\/wp-json\/wp\/v2\/users\/1"}],"replies":[{"embeddable":true,"href":"https:\/\/informacionlocal.es\/en\/wp-json\/wp\/v2\/comments?post=9464"}],"version-history":[{"count":0,"href":"https:\/\/informacionlocal.es\/en\/wp-json\/wp\/v2\/posts\/9464\/revisions"}],"wp:featuredmedia":[{"embeddable":true,"href":"https:\/\/informacionlocal.es\/en\/wp-json\/wp\/v2\/media\/9466"}],"wp:attachment":[{"href":"https:\/\/informacionlocal.es\/en\/wp-json\/wp\/v2\/media?parent=9464"}],"wp:term":[{"taxonomy":"category","embeddable":true,"href":"https:\/\/informacionlocal.es\/en\/wp-json\/wp\/v2\/categories?post=9464"},{"taxonomy":"post_tag","embeddable":true,"href":"https:\/\/informacionlocal.es\/en\/wp-json\/wp\/v2\/tags?post=9464"}],"curies":[{"name":"wp","href":"https:\/\/api.w.org\/{rel}","templated":true}]}}